{"id":1388,"date":"2021-04-20T17:58:26","date_gmt":"2021-04-20T17:58:26","guid":{"rendered":"http:\/\/budzikowswiat.pl\/?p=1388"},"modified":"2021-05-05T18:38:58","modified_gmt":"2021-05-05T18:38:58","slug":"von-treskow-w-karlowicach","status":"publish","type":"post","link":"https:\/\/budzikowswiat.pl\/?p=1388","title":{"rendered":"VON TRESKOW KAR\u0141OWICE"},"content":{"rendered":"\n<p>Dzieje rodziny von Treskow pomimo, \u017ce powszechnie znane na terenie Wielkopolski, nie s\u0105 tak proste do odtworzenia, opieraj\u0105c si\u0119 o rzetelne \u017ar\u00f3d\u0142a oczywi\u015bcie. Podczas kolejnej wyprawy ich \u015bladami uda\u0142am si\u0119 do Kar\u0142owic, kt\u00f3re by\u0142y jednym z folwark\u00f3w za\u0142o\u017conych przez \u00f3wcze\u015bnie zamieszkuj\u0105c\u0105 tereny dzisiejszej Polski, niemieck\u0105 rodzin\u0119. <\/p>\n\n\n\n<p>Nie chce odnosi\u0107 si\u0119 tylko do konkretnych dat, gdy\u017c te s\u0105 czasem sporne. Zale\u017cy mi bardziej na uporz\u0105dkowaniu informacji i og\u00f3lnym zarysie dziej\u00f3w rodziny. Najbardziej lubi\u0119 zajmowa\u0107 si\u0119 drzewami genealogicznymi, wi\u0119c to ten temat jest mi najbardziej bliski w temacie rodziny von Treskow. Drzewo natomiast jest tak rozros\u0142e, \u017ce odnalezienie w\u0142a\u015bciwej ga\u0142\u0119zi wg mnie nie jest takie jednoznaczne. Moimi \u017ar\u00f3d\u0142ami w doj\u015bciu do odpowiedniej linii by\u0142a ksi\u0105\u017cka Antoniego Kobzy &#8222;Dzieje wsi okolic Swarz\u0119dza&#8221; oraz dost\u0119pne w Internecie liczne drzewa genealogiczne rodziny g\u0142\u00f3wnie na stronach niemieckich, kt\u00f3re tak\u017ce czasem ko\u0144cz\u0105 si\u0119 w najmniej odpowiednim miejscu lub s\u0105 niepe\u0142ne. <\/p>\n\n\n\n<p>Co si\u0119 tyczy samych Kar\u0142owic, folwark powsta\u0142 na wniosek Sigmunda Otto von Trekow, \u00f3wcze\u015bnie stacjonuj\u0105cego w Pa\u0142acu w Owi\u0144skach. Dopiero po jego \u015bmierci w\u0142o\u015bcia przesz\u0142y na jednego z jego spadkobierc\u00f3w syna Louisa. Tutaj zaczyna si\u0119 jedna z ma\u0142ych zagwozdek. Ot\u00f3\u017c imi\u0119 jednego z m\u0142odszych syn\u00f3w Sigmunda cz\u0119sto wyst\u0119puje pod postaci\u0105 Ludwiga. Co ciekawe wersja angloj\u0119zyczna imienia to Louis, niemiecka wersja to Ludwig oraz nasza rodzima Ludwik. Zatem we wszystkich informacjach na temat p\u00f3\u017aniejszego w\u0142a\u015bciciela Wierzonki oraz Kar\u0142owic i innych wsi mog\u0105 by\u0107 u\u017cywane zamiennie Louis\/Ludwig\/Ludwik ur. 1799 zm. 1865 r. Kar\u0142owice zosta\u0142y folwarkiem we w\u0142adaniu w\u0142a\u015bciciela Wierzonki. Og\u00f3lnie rzecz bior\u0105 folwarki w Wierzonce i Kar\u0142owicach le\u017c\u0105 praktycznie ko\u0142o siebie, nic wi\u0119c dziwnego, \u017ce g\u0142\u00f3wny dw\u00f3r w\u0142a\u015bciciela znajdowa\u0142 si\u0119 w jednej z tych miejscowo\u015bci, w tym wypadku Wierzonki. Kar\u0142owicami wi\u0119c zarz\u0105dzali ludzie zatrudnieni przez von Treskow\u00f3w. Ludwik mia\u0142 jednego syna Hugo Ludwiga, kt\u00f3ry przej\u0105\u0142 po nim maj\u0105tek oraz c\u00f3rki min. Klar\u0119, Ev\u0119 i Mari\u0119 Magdalen\u0119 . W\u0142a\u015bnie Hugo wraz z ma\u0142\u017conk\u0105 Angelik\u0105 s\u0105 najcz\u0119\u015bciej wspominanymi w\u0142a\u015bcicielami ziemi. Sam dw\u00f3r w Kar\u0142owicach wybudowany przy folwarku by\u0142 wykorzystywany wi\u0119c przez zarz\u0105dc\u00f3w folwarku. Po \u015bmierci Ludwika zosta\u0142 jednak przebudowany na rezydencj\u0119 letni\u0105 dla wdowy Melani i jej c\u00f3rek min. Klary, Cecylii oraz Anny. W pewnym okresie Melania prawdopodobnie zamieszkiwa\u0142a dw\u00f3r do swojej \u015bmierci w 1873 r. <\/p>\n\n\n\n<p>W okresie mi\u0119dzywojennym zarz\u0105dc\u0105 Kar\u0142owic zosta\u0142 Magnus Arthur Aleksander Schack von Wittenau, czyli wnuk Hugo i Angeliki, a syn Marii Magdaleny Emmy. Tutaj mo\u017cemy napotka\u0107 kolejn\u0105 nie\u015bcis\u0142o\u015b\u0107. Wg ksi\u0105\u017cki, na kt\u00f3r\u0105 si\u0119 powo\u0142uje pocz\u0105tkowo,  Magnus to wnuk Ludwika, a siostrzeniec Hugo, to mo\u017ce zak\u0142ada\u0107, \u017ce Maria Magdalena to siostra Hugo, jednak daty jej urodzenia przypadaj\u0105 na 4 lata po \u015bmierci potencjalnej matki Melani. Dlatego wg moich bada\u0144 nad drzewem, Maria Magdalena to c\u00f3rka Hugo i Angeliki, a Magnus to praprawnuk Sigmunda, za\u0142o\u017cyciela folwarku w Kar\u0142owicach. Ostatnimi mieszka\u0144cami Kar\u0142owic zatem pozosta\u0142a wdowa Sophie Charlotte po tragicznie zmar\u0142ym w wypadku samochodowym w 1937 roku Magnusie wraz z 4 dzieci [Magnusem, Irmel\u0105, Sophie i Heide]. Stacjonowali w dworze do czasu opuszczenia kraju w 1945 r. <\/p>\n\n\n\n<figure class=\"wp-block-gallery aligncenter columns-1 wp-block-gallery-1 is-layout-flex wp-block-gallery-is-layout-flex\"><ul class=\"blocks-gallery-grid\"><li class=\"blocks-gallery-item\"><figure><a href=\"https:\/\/budzikowswiat.pl\/wp-content\/uploads\/2021\/04\/Drzewo-Karlowice.jpg\"><img loading=\"lazy\" decoding=\"async\" width=\"1076\" height=\"587\" src=\"https:\/\/budzikowswiat.pl\/wp-content\/uploads\/2021\/04\/Drzewo-Karlowice.jpg\" alt=\"\" data-id=\"1425\" data-full-url=\"https:\/\/budzikowswiat.pl\/wp-content\/uploads\/2021\/04\/Drzewo-Karlowice.jpg\" data-link=\"https:\/\/budzikowswiat.pl\/?attachment_id=1425\" class=\"wp-image-1425\" srcset=\"https:\/\/budzikowswiat.pl\/wp-content\/uploads\/2021\/04\/Drzewo-Karlowice.jpg 1076w, https:\/\/budzikowswiat.pl\/wp-content\/uploads\/2021\/04\/Drzewo-Karlowice-300x164.jpg 300w, https:\/\/budzikowswiat.pl\/wp-content\/uploads\/2021\/04\/Drzewo-Karlowice-1024x559.jpg 1024w, https:\/\/budzikowswiat.pl\/wp-content\/uploads\/2021\/04\/Drzewo-Karlowice-768x419.jpg 768w, https:\/\/budzikowswiat.pl\/wp-content\/uploads\/2021\/04\/Drzewo-Karlowice-550x300.jpg 550w\" sizes=\"auto, (max-width: 1076px) 100vw, 1076px\" \/><\/a><figcaption class=\"blocks-gallery-item__caption\">Drzewo Genealogiczne &#8211; opracowanie w\u0142asne<\/figcaption><\/figure><\/li><\/ul><\/figure>\n\n\n\n<p>Co si\u0119 tyczy architektury, wida\u0107 cz\u0119\u015bciowo na zdj\u0119ciach, np. ile mia\u0142 pi\u0119ter i czy mia\u0142 piwnice. Pono\u0107 drzwi s\u0105 oryginalnie zachowan\u0105 cz\u0119\u015bci\u0105 dworu. Czy b\u0119dzie kiedy\u015b wykorzystany? Trudno powiedzie\u0107, zabytki maj\u0105 to do siebie, \u017ce ich odrestaurowanie jest kosztowne. Utrata jednak XIX wiecznego dziedzictwa smuci, nawet je\u015bli budynek wybudowany zosta\u0142 dla rodziny niemieckiej. <\/p>\n\n\n\n<p>O Hugo i Angelice b\u0119d\u0119 jeszcze pisa\u0107, je\u017celi b\u0119d\u0119 mia\u0142a mo\u017cliwo\u015b\u0107 odwiedzi\u0107 pozosta\u0142e dwory nale\u017c\u0105ce do rodziny, to w\u0142a\u015bnie przy okazji Wierzonki odnios\u0119 si\u0119 do cmentarza rodziny, kt\u00f3ry tak\u017ce odwiedza\u0142am przy okazji wizyty w Kar\u0142owicach. <\/p>\n\n\n\nngg_shortcode_0_placeholder\n\n\n\n<p><strong>Dane wycieczki\/ lokalizacja:<\/strong><\/p>\n\n\n\n<p><strong>Wojew\u00f3dztwo: <\/strong>wielkopolskie<\/p>\n\n\n\n<p><strong>Powiat: <\/strong>pozna\u0144ski<\/p>\n\n\n\n<p><strong>Gmina:<\/strong> Swarz\u0119dz<\/p>\n\n\n\n<p><strong>Miejscowo\u015b\u0107:<\/strong> Kar\u0142owice<\/p>\n","protected":false},"excerpt":{"rendered":"<p>Dzieje rodziny von Treskow pomimo, \u017ce powszechnie znane na terenie Wielkopolski, nie s\u0105 tak proste do odtworzenia, opieraj\u0105c si\u0119 o rzetelne \u017ar\u00f3d\u0142a oczywi\u015bcie. Podczas kolejnej wyprawy ich \u015bladami uda\u0142am si\u0119 do Kar\u0142owic, kt\u00f3re by\u0142y jednym z folwark\u00f3w za\u0142o\u017conych przez \u00f3wcze\u015bnie zamieszkuj\u0105c\u0105 tereny dzisiejszej Polski, niemieck\u0105 rodzin\u0119. Nie chce odnosi\u0107 si\u0119 tylko do konkretnych dat, gdy\u017c&#8230; <\/p>\n<div class=\"link-more\"><a href=\"https:\/\/budzikowswiat.pl\/?p=1388\">Read More<\/a><\/div>\n","protected":false},"author":1,"featured_media":1391,"comment_status":"open","ping_status":"closed","sticky":false,"template":"","format":"standard","meta":{"ngg_post_thumbnail":0,"_jetpack_memberships_contains_paid_content":false,"footnotes":""},"categories":[70,55,3,22,23,71,6,72],"tags":[],"class_list":["post-1388","post","type-post","status-publish","format-standard","has-post-thumbnail","hentry","category-70","category-park-podworski","category-powiat-poznanski","category-puszcza-zielonka","category-swarzedz","category-von-treskow","category-wielkopolska","category-z-historia-w-tle"],"jetpack_featured_media_url":"https:\/\/budzikowswiat.pl\/wp-content\/uploads\/2021\/04\/20210418_130710_HDR.jpg","jetpack_sharing_enabled":true,"_links":{"self":[{"href":"https:\/\/budzikowswiat.pl\/index.php?rest_route=\/wp\/v2\/posts\/1388","targetHints":{"allow":["GET"]}}],"collection":[{"href":"https:\/\/budzikowswiat.pl\/index.php?rest_route=\/wp\/v2\/posts"}],"about":[{"href":"https:\/\/budzikowswiat.pl\/index.php?rest_route=\/wp\/v2\/types\/post"}],"author":[{"embeddable":true,"href":"https:\/\/budzikowswiat.pl\/index.php?rest_route=\/wp\/v2\/users\/1"}],"replies":[{"embeddable":true,"href":"https:\/\/budzikowswiat.pl\/index.php?rest_route=%2Fwp%2Fv2%2Fcomments&post=1388"}],"version-history":[{"count":26,"href":"https:\/\/budzikowswiat.pl\/index.php?rest_route=\/wp\/v2\/posts\/1388\/revisions"}],"predecessor-version":[{"id":1645,"href":"https:\/\/budzikowswiat.pl\/index.php?rest_route=\/wp\/v2\/posts\/1388\/revisions\/1645"}],"wp:featuredmedia":[{"embeddable":true,"href":"https:\/\/budzikowswiat.pl\/index.php?rest_route=\/wp\/v2\/media\/1391"}],"wp:attachment":[{"href":"https:\/\/budzikowswiat.pl\/index.php?rest_route=%2Fwp%2Fv2%2Fmedia&parent=1388"}],"wp:term":[{"taxonomy":"category","embeddable":true,"href":"https:\/\/budzikowswiat.pl\/index.php?rest_route=%2Fwp%2Fv2%2Fcategories&post=1388"},{"taxonomy":"post_tag","embeddable":true,"href":"https:\/\/budzikowswiat.pl\/index.php?rest_route=%2Fwp%2Fv2%2Ftags&post=1388"}],"curies":[{"name":"wp","href":"https:\/\/api.w.org\/{rel}","templated":true}]}}