{"id":1882,"date":"2021-07-24T08:20:28","date_gmt":"2021-07-24T08:20:28","guid":{"rendered":"https:\/\/budzikowswiat.pl\/?p=1882"},"modified":"2023-09-01T14:27:22","modified_gmt":"2023-09-01T14:27:22","slug":"pyzdry-praktycznie","status":"publish","type":"post","link":"https:\/\/budzikowswiat.pl\/?p=1882","title":{"rendered":"PYZDRY PRAKTYCZNIE"},"content":{"rendered":"\n<p>Praktycznie o Pyzdrach, czyli czy warto odwiedzi\u0107 to miasto i dlaczego. Jednak moje postrzeganie tego miejsca nie jest tylko z perspektywy turysty, kt\u00f3ry przyby\u0142 tutaj na chwil\u0119. Odwiedzam to miasteczko regularnie od 15 lat, a nawet przez chwil\u0119 by\u0142am jego mieszkank\u0105, jestem zwi\u0105zana z okolicznymi miejscami emocjonalnie, ale spr\u00f3buje pokaza\u0107 wszystko w miar\u0119 obiektywnie. Pyzdry to ma\u0142e miasteczko po\u0142o\u017cone na po\u0142udniowy- wsch\u00f3d od Poznania, na po\u0142udnie od Wrze\u015bni i jednocze\u015bnie niedaleko g\u0142\u00f3wnej trasy z Poznania do Warszawy. Ma troch\u0119 ponad 3000 mieszka\u0144c\u00f3w. Wielko\u015b\u0107 jednak nie przes\u0105dza niczego, bo histori\u0119 miasto ma bogat\u0105. <\/p>\n\n\n\n<p>Aby zobaczy\u0107 g\u0142\u00f3wne atrakcje miasta wystarczy Wam 1 dzie\u0144, gdy\u017c trasa przej\u015bcia wszystkich atrakcji miasta to \u0142\u0105cznie  ok 4 km. Samoch\u00f3d mo\u017cecie zostawi\u0107 na Rynku, gdzie jest tam du\u017cy dost\u0119pny parking, a nast\u0119pnie wybra\u0107 si\u0119 na spacer po okolicy. Przedstawiam Wam moj\u0105 osobist\u0105 tras\u0119 przej\u015bcia, ja j\u0105 zrobi\u0142am samodzielnie z dziewczynkami pieszo. <\/p>\n\n\n\n<p>Start: zaczynamy wycieczk\u0119 na <strong>rynku w Pyzdrach<\/strong>, gdzie poza <strong>pomnikiem<\/strong> za\u0142o\u017cyciela miasta <strong>Boles\u0142awa Pobo\u017cnego<\/strong>, mo\u017cecie przyjrze\u0107 si\u0119 okiennicom pobliskiego targowiska. Na <strong>okiennicach<\/strong> zosta\u0142y przedstawione <strong>motywy zdobnicze &#8222;Puszczy Pyzdrskiej&#8221;<\/strong>. W dalsz\u0105 drog\u0119 wybieramy si\u0119 do <strong>domu podcieniowego<\/strong>, w kt\u00f3rym znajduje si\u0119 oddzia\u0142 Muzeum Ziemi Pyzdrskiej, oraz b\u0119d\u0105cego elementem szlaku piastowskiego. Wszystkie trzy oddzia\u0142y (Muzeum, Dom podcieniowy oraz Wiatrak Holenderski) s\u0105 obs\u0142ugiwane przez jedn\u0105 osob\u0119, we\u017acie to pod uwag\u0119 przy spacerze. Kr\u00f3tki telefon wystarczy, aby osoba z obs\u0142ugi pojawi\u0142a si\u0119 na miejscu. Tutaj poznajemy histori\u0119 miasta, zwi\u0105zan\u0105 tak\u017ce z obecno\u015bci\u0105 samego kr\u00f3la Kazimierza Wielkiego. Muzeum zajmuje obecnie dwie ma\u0142e sale piwniczne z eksponatami, wi\u0119c wizyta nie powinna zaj\u0105\u0107 Wam du\u017co czasu. Aby pozna\u0107 inne historyczne ciekawostki o mie\u015bcie udajemy si\u0119 dalej obejrze\u0107 dobrze znany w mie\u015bcie <strong>mural<\/strong> na \u015bcianie sali gimnastycznej, kt\u00f3ry powsta\u0142 w 2016 roku. Opis usytuowany z boku jest bardzo pomocny w zrozumieniu sensu tego dzie\u0142a. Obchodz\u0105c sal\u0119 gimnastyczn\u0105 z lewej strony, przechodzimy spacerem w kilka wizualnie atrakcyjnych miejsc. Po lewej stronie wida\u0107 rzek\u0119 Wart\u0119, po prawej na wzg\u00f3rzu widoczne s\u0105 <strong>pozosta\u0142o\u015bci Zamku Kr\u00f3lewskiego<\/strong>, a w\u0142a\u015bciwie tylko jego fundamenty. Trasie uroku dodaj\u0105 <strong>odrestaurowane kamienice<\/strong>, kt\u00f3re niegdy\u015b by\u0142y <strong>\u0142a\u017ani\u0105<\/strong>, tak dochodzimy do <strong>mozaikowych schod\u00f3w<\/strong>, chyba najbardziej lubiane miejsce do fotografowania. Tutaj wielka ryba zaprowadzi nas do drugiego obiektu <strong>Muzeum Ziemi Pyzdrskiej<\/strong>, w kt\u00f3rym poza eksponatami lokalnymi, mo\u017cecie przej\u015b\u0107 si\u0119 kru\u017cgankami klasztoru pofranciszka\u0144skiego &#8211; podczas ostatniej naszej wizyty sala muzealna nie by\u0142a dost\u0119pna, na kru\u017cgankach by\u0142a jednak wystawa czasowa. <\/p>\n\n\n\n<p>Po wizycie w muzeum, mo\u017cemy sp\u0119dzi\u0107 czas na pobliskiej <strong>przystani<\/strong>, na kt\u00f3r\u0105 trafimy wracaj\u0105c mozaikowymi schodami. Jest to idealnie miejsce piknikowe, przy kt\u00f3rym znajduje si\u0119 restauracja (polecam sprawdzi\u0107  godziny otwarcia, gdy\u017c obecnie godziny i dni otwarcia mog\u0105 ulega\u0107 zmianie) jest te\u017c mo\u017cliwo\u015b\u0107 wynaj\u0119cia <strong>rejsu katamaranem<\/strong>. Sama by\u0142am zaskoczona ile taki rejs da\u0142 nam przyjemno\u015bci, wg mnie godzinny rejs jest w zupe\u0142no\u015bci wystarczaj\u0105cy, ale oczywi\u015bcie mo\u017cna wyd\u0142u\u017cy\u0107 rejs w zale\u017cno\u015bci od ch\u0119ci i mo\u017cliwo\u015bci finansowych, my p\u0142yn\u0119li\u015bmy do uj\u015bcia Prosny. W tym wypadku polecam um\u00f3wi\u0107 termin i godzin\u0119 rejsu wcze\u015bniej, mo\u017ce si\u0119 zdarzy\u0107, \u017ce w chwili naszego przybycia, nie b\u0119dzie mo\u017cliwo\u015bci wyp\u0142yni\u0119cia ze wzgl\u0119du na inne rezerwacje. W okolicy przystani jest te\u017c dost\u0119pny ma\u0142y plac zabaw z tyrolk\u0105. Nast\u0119pnie nasza trasa odrobin\u0119 si\u0119 zmienia, gdy\u017c nie jest ona oznakowana na mapie, ja j\u0105 pozna\u0142am dzi\u0119ki poleceniu mojego te\u015bcia, za co dzi\u0119kuj\u0119. Z przystani, na kt\u00f3rej mo\u017cecie te\u017c zobaczy\u0107 pale ze starego mostu, kt\u00f3ry niegdy\u015b tutaj sta\u0142, udajemy si\u0119 obejrze\u0107 <strong>nowy mural <\/strong>[lipiec 2021] przedstawiaj\u0105cy histori\u0119 ludzi \u017cyj\u0105cych w odwiedzanym miasteczku. Mijaj\u0105c mural przechodzimy <strong>mostek nad rzek\u0105 Flis\u0105<\/strong>, gdzie na jej drugim brzegu stoi <strong>\u0142\u00f3dka<\/strong>. Mo\u017cna do niej wej\u015b\u0107 &#8211; my jednak ujrzeli\u015bmy tam obecno\u015b\u0107 imprezowicz\u00f3w, wi\u0119c zabawa by\u0142a do\u015b\u0107 kr\u00f3tka, warto po sobie sprz\u0105ta\u0107. Id\u0105c dalej dzik\u0105 \u015bcie\u017ck\u0105 dochodzimy do skr\u0119tu w prawo pod g\u00f3rk\u0119. Podchodzimy poln\u0105 \u015bcie\u017ck\u0105 do g\u00f3ry i idziemy dalej jak ona prowadzi. Mijamy gospodarstwo i dochodzimy do <strong>Holenderskiego Wiatraka<\/strong> [udost\u0119pniony do zwiedzania -kwiecie\u0144 2021], czyli ostatni oddzia\u0142 muzeum. Polecam spisa\u0107 sobie przed wycieczk\u0105 numer telefonu do muzeum, oraz w czasie spaceru poln\u0105 drog\u0105 ju\u017c zadzwoni\u0107, aby jak dojdziecie na miejsce nie czeka\u0107 na obs\u0142ug\u0119. Teren dooko\u0142a wiatraka jest do\u015b\u0107 spory, jest miejsce aby schowa\u0107 si\u0119 przed s\u0142o\u0144cem i odpocz\u0105\u0107 w oczekiwaniu na obs\u0142ug\u0119, czyli wiata piknikowa. Moim zdaniem warto poczeka\u0107, bo wiatrak w \u015brodku robi wra\u017cenie. A je\u017celi b\u0119dzie w czasie jego uruchomienia &#8211; dwa razy w miesi\u0105cu, wra\u017cenie jest jeszcze wi\u0119ksze. Atrakcja tak\u017ce nale\u017cy do nowych, dajmy zatem czas na odpowiedni\u0105 organizacj\u0119 miejsca. Po tych odwiedzinach czas wraca\u0107, to jednak nie koniec atrakcji. W drodze powrotnej skr\u0119camy w lewo i trafiamy na drog\u0119 g\u0142\u00f3wn\u0105 prowadz\u0105c\u0105 do centrum miasta. Przechodzimy na drug\u0105 stron\u0119 ulicy, idziemy w prawo jak prowadzi droga. Po lewej stronie zobaczycie <strong>\u017ar\u00f3de\u0142ko &#8222;Pij zdr\u00f3j&#8221;<\/strong>, legenda o \u017ar\u00f3de\u0142ku jest dost\u0119pna zaraz obok przy \u0142awce. Pijcie zdrowo a b\u0119dziecie &#8222;wiecznie m\u0142odzi&#8221;. Dalej drog\u0105 wracamy ju\u017c do miasta, po prawej mijamy przysta\u0144, wspinamy si\u0119 na wzg\u00f3rze, aby obok <strong>Fary<\/strong> przyjrze\u0107 si\u0119 miastu ze wzg\u00f3rza. <strong>Dobry punkt widokowy<\/strong>. To te\u017c ostatni punkt wycieczki. Z Fary kilka krok\u00f3w i wracamy na rynek, zatoczyli\u015bmy w ten spos\u00f3b ko\u0142o. <\/p>\n\n\n\n<p>Oczywi\u015bcie mo\u017cecie podjecha\u0107 do poszczeg\u00f3lnych miejsc samochodem, dojazd do wiatraka jest jednak utrudniony, gdy\u017c znajduje si\u0119 on pomi\u0119dzy dwoma prywatnymi posesjami. Spacer z przystani lub rynku to du\u017co lepszy pomys\u0142, prawd\u0105 jest te\u017c, \u017ce oznakowania trasy do wiatraka s\u0105 do\u015b\u0107 wysoko, mo\u017cna je omin\u0105\u0107 zw\u0142aszcza jad\u0105c samochodem. Podczas spaceru musicie doliczy\u0107 czas na zwiedzanie konkretnych miejsc i atrakcji. Z cz\u0119\u015bci mo\u017cna zrezygnowa\u0107, mo\u017cna te\u017c tak zaplanowa\u0107 wizyt\u0119, aby wszystkie miejsca odwiedzi\u0107. To jest moja propozycja trasy, ale w zwi\u0105zku z licznymi spacerami po okolicy wydaje mi si\u0119 najbardziej praktyczna. <\/p>\n\n\n\nngg_shortcode_0_placeholder\n\n\n\n<p>Poni\u017cej zamieszczam dla Was pogl\u0105dow\u0105 mapk\u0119 trasy. Ja osobi\u015bcie lubi\u0119 to miasto, wida\u0107 prac\u0119 nad wzrostem jego atrakcyjno\u015bci. Co prawda jest ma\u0142e zaplecze gastronomiczne, jest jednak mo\u017cliwo\u015b\u0107 dobrze zje\u015b\u0107. Je\u015bli planujecie wcze\u015bniej przyjazd, sprawd\u017acie godziny otwarcia restauracji Perkoz na przystani, czas oczekiwania mo\u017ce si\u0119 czasem wyd\u0142u\u017cy\u0107, ale jest smacznie. Jak pisa\u0142am wcze\u015bniej warto te\u017c zapisa\u0107 sobie numer telefonu do muzeum, u\u0142atwi Wam zwiedzanie, a je\u017celi przyjedziecie w pierwsz\u0105 sobot\u0119 lub niedziel\u0119 miesi\u0105ca o 15:00 uruchamiany jest wiatrak, ale tylko na 15 minut- t\u0105 informacj\u0119 polecam potwierdzi\u0107 te\u017c wcze\u015bniej, bo mo\u017ce si\u0119 co\u015b zmieni\u0107 w zakresie czasu i dat. Zatem przyjemno\u015bci w zwiedzaniu, mo\u017ce kiedy\u015b miniemy si\u0119 na szlaku. <\/p>\n\n\n\n<p>Je\u017celi natomiast planujecie jecha\u0107 dalej, poni\u017cej kilka wskaz\u00f3wek o okolicy, cho\u0107 nie wszystko jeszcze opisa\u0142am, by\u0142am we wszystkich miejscach. Uzupe\u0142ni\u0119 wpis na bie\u017c\u0105co. <\/p>\n\n\n\n<p><strong>Ciekawe na trasie: <\/strong><\/p>\n\n\n\n<ul class=\"wp-block-list\">\n<li>Dom podcieniowy<\/li>\n\n\n\n<li>Historyczny mural<\/li>\n\n\n\n<li>Kolorowe kamienice<\/li>\n\n\n\n<li>Mozaikowe schody<\/li>\n\n\n\n<li>Muzeum Ziemi Pyzdrskiej <\/li>\n\n\n\n<li>Rejs Katamaranem<\/li>\n\n\n\n<li>Mural nad Wart\u0105<\/li>\n\n\n\n<li>Wiatrak holenderski <\/li>\n\n\n\n<li>\u0179r\u00f3de\u0142ko wiecznej m\u0142odo\u015bci <\/li>\n\n\n\n<li>Fara i punkt widokowy<\/li>\n<\/ul>\n\n\n\n<p><strong>Dost\u0119pne w pobli\u017cu: <\/strong><\/p>\n\n\n\n<ul class=\"wp-block-list\">\n<li><a rel=\"noreferrer noopener\" href=\"https:\/\/budzikowswiat.pl\/?p=198\" data-type=\"URL\" data-id=\"https:\/\/budzikowswiat.pl\/?p=198\" target=\"_blank\">Quest Wielkopolski w L\u0105dzie<\/a><\/li>\n\n\n\n<li><a rel=\"noreferrer noopener\" href=\"https:\/\/budzikowswiat.pl\/?p=200\" data-type=\"URL\" data-id=\"https:\/\/budzikowswiat.pl\/?p=200\" target=\"_blank\">Wydmy \u015ar\u00f3dl\u0105dowe w Nadwarcia\u0144skim Parku Krajobrazowym <\/a><\/li>\n\n\n\n<li>Pa\u0142ac w Ci\u0105\u017ceniu <\/li>\n\n\n\n<li>Stawy Szybskie<\/li>\n\n\n\n<li>Spacer brzegiem Warty <\/li>\n\n\n\n<li>Punk Widokowy na Nadwarcia\u0144ski Park Krajobrazowy Pietrzyk\u00f3w-Rataje<\/li>\n\n\n\n<li>Lawendowy L\u0105d<\/li>\n\n\n\n<li>Marina L\u0105d<\/li>\n\n\n\n<li><a rel=\"noreferrer noopener\" href=\"https:\/\/budzikowswiat.pl\/?p=3008\" target=\"_blank\">Muzeum im. Adama Mickiewicza w \u015amie\u0142owie<\/a><\/li>\n\n\n\n<li><a href=\"https:\/\/budzikowswiat.pl\/?p=3810\" target=\"_blank\" rel=\"noreferrer noopener\">Czerwony Szlak przez Nadwarci\u0144ski Park Krajobrazowy<\/a><\/li>\n<\/ul>\n\n\n\n<p class=\"has-text-align-center\"><strong>Pogl\u0105dowa mapka trasy<\/strong><\/p>\n\n\n\n<p class=\"has-text-align-center\"> klikaj\u0105c na map\u0119 przeniesie Was do google.maps z zaznaczonymi lokacjami<\/p>\n\n\n\n<figure class=\"wp-block-image size-large is-style-rounded\"><a href=\"https:\/\/www.google.com\/maps\/d\/u\/0\/edit?mid=1H1ikdswIz9UDFerb_jgyHMkB-wYuQDEm&amp;usp=sharing\" target=\"_blank\" rel=\"noopener\"><img loading=\"lazy\" decoding=\"async\" width=\"1024\" height=\"578\" src=\"https:\/\/budzikowswiat.pl\/wp-content\/uploads\/2021\/07\/mapka-pogladowa-1024x578.jpg\" alt=\"\" class=\"wp-image-1977\" srcset=\"https:\/\/budzikowswiat.pl\/wp-content\/uploads\/2021\/07\/mapka-pogladowa-1024x578.jpg 1024w, https:\/\/budzikowswiat.pl\/wp-content\/uploads\/2021\/07\/mapka-pogladowa-300x169.jpg 300w, https:\/\/budzikowswiat.pl\/wp-content\/uploads\/2021\/07\/mapka-pogladowa-768x434.jpg 768w, https:\/\/budzikowswiat.pl\/wp-content\/uploads\/2021\/07\/mapka-pogladowa-531x300.jpg 531w, https:\/\/budzikowswiat.pl\/wp-content\/uploads\/2021\/07\/mapka-pogladowa.jpg 1254w\" sizes=\"auto, (max-width: 1024px) 100vw, 1024px\" \/><\/a><\/figure>\n\n\n\n<p><\/p>\n\n\n\n<p><strong>Dane wycieczki\/ lokalizacja:<\/strong><\/p>\n\n\n\n<p><strong>Wojew\u00f3dztwo: <\/strong>wielkopolskie<\/p>\n\n\n\n<p><strong>Powiat: <\/strong>wrzesi\u0144ski<\/p>\n\n\n\n<p><strong>Gmina:<\/strong> Pyzdry<\/p>\n\n\n\n<p><strong>Miejscowo\u015b\u0107:<\/strong> Pyzdry<\/p>\n\n\n\n<p><strong>Parking:<\/strong> proponuj\u0119 na rynku<\/p>\n\n\n\n<p>! Pami\u0119tajcie, aby godziny otwarcia i ceny bilet\u00f3w sprawdzi\u0107 samodzielnie, przed wizyt\u0105 w obiekcie, mog\u0105 one ulec zmianie. <\/p>\n","protected":false},"excerpt":{"rendered":"<p>Praktycznie o Pyzdrach, czyli czy warto odwiedzi\u0107 to miasto i dlaczego. Jednak moje postrzeganie tego miejsca nie jest tylko z perspektywy turysty, kt\u00f3ry przyby\u0142 tutaj na chwil\u0119. Odwiedzam to miasteczko regularnie od 15 lat, a nawet przez chwil\u0119 by\u0142am jego mieszkank\u0105, jestem zwi\u0105zana z okolicznymi miejscami emocjonalnie, ale spr\u00f3buje pokaza\u0107 wszystko w miar\u0119 obiektywnie. Pyzdry&#8230; <\/p>\n<div class=\"link-more\"><a href=\"https:\/\/budzikowswiat.pl\/?p=1882\">Read More<\/a><\/div>\n","protected":false},"author":1,"featured_media":1996,"comment_status":"closed","ping_status":"closed","sticky":false,"template":"","format":"standard","meta":{"ngg_post_thumbnail":0,"_jetpack_memberships_contains_paid_content":false,"footnotes":""},"categories":[70,2,26,15,33,73,38,30,57,31,6,72],"tags":[],"class_list":["post-1882","post","type-post","status-publish","format-standard","has-post-thumbnail","hentry","category-70","category-dla-dzieci","category-lato","category-muzeum","category-nadwarcianski-park-krajobrazowy","category-podroze-z-dziecmi","category-powiat-wrzesinski","category-poznaj-szlak-piastowski","category-przyjaciel-wielkopolski","category-szlak-piastowski","category-wielkopolska","category-z-historia-w-tle"],"jetpack_featured_media_url":"https:\/\/budzikowswiat.pl\/wp-content\/uploads\/2021\/07\/20210629_155718.jpg","jetpack_sharing_enabled":true,"_links":{"self":[{"href":"https:\/\/budzikowswiat.pl\/index.php?rest_route=\/wp\/v2\/posts\/1882","targetHints":{"allow":["GET"]}}],"collection":[{"href":"https:\/\/budzikowswiat.pl\/index.php?rest_route=\/wp\/v2\/posts"}],"about":[{"href":"https:\/\/budzikowswiat.pl\/index.php?rest_route=\/wp\/v2\/types\/post"}],"author":[{"embeddable":true,"href":"https:\/\/budzikowswiat.pl\/index.php?rest_route=\/wp\/v2\/users\/1"}],"replies":[{"embeddable":true,"href":"https:\/\/budzikowswiat.pl\/index.php?rest_route=%2Fwp%2Fv2%2Fcomments&post=1882"}],"version-history":[{"count":43,"href":"https:\/\/budzikowswiat.pl\/index.php?rest_route=\/wp\/v2\/posts\/1882\/revisions"}],"predecessor-version":[{"id":4013,"href":"https:\/\/budzikowswiat.pl\/index.php?rest_route=\/wp\/v2\/posts\/1882\/revisions\/4013"}],"wp:featuredmedia":[{"embeddable":true,"href":"https:\/\/budzikowswiat.pl\/index.php?rest_route=\/wp\/v2\/media\/1996"}],"wp:attachment":[{"href":"https:\/\/budzikowswiat.pl\/index.php?rest_route=%2Fwp%2Fv2%2Fmedia&parent=1882"}],"wp:term":[{"taxonomy":"category","embeddable":true,"href":"https:\/\/budzikowswiat.pl\/index.php?rest_route=%2Fwp%2Fv2%2Fcategories&post=1882"},{"taxonomy":"post_tag","embeddable":true,"href":"https:\/\/budzikowswiat.pl\/index.php?rest_route=%2Fwp%2Fv2%2Ftags&post=1882"}],"curies":[{"name":"wp","href":"https:\/\/api.w.org\/{rel}","templated":true}]}}