{"id":2181,"date":"2021-10-20T22:59:23","date_gmt":"2021-10-20T22:59:23","guid":{"rendered":"https:\/\/budzikowswiat.pl\/?p=2181"},"modified":"2021-10-20T23:13:20","modified_gmt":"2021-10-20T23:13:20","slug":"sciezka-dydaktyczna-wronczyn","status":"publish","type":"post","link":"https:\/\/budzikowswiat.pl\/?p=2181","title":{"rendered":"O WRONCZYNIE INACZEJ"},"content":{"rendered":"\n<p>\u015acie\u017cka dydaktyczna im. Maksymiliana Jackowskiego we Wronczynie z histori\u0105 rodziny von Treskow w tle, tak bym opisa\u0142a w skr\u00f3cie nasz\u0105 wypraw\u0119 do Wronczyna. Opis\u00f3w samej \u015bcie\u017cki nie znalaz\u0142am wiele, natomiast te kt\u00f3re znalaz\u0142am, m\u00f3wi\u0105 o punktach, kt\u00f3re znajduj\u0105 si\u0119 na trasie. I tak nale\u017cy \u015bcie\u017ck\u0119 interpretowa\u0107. Punkty. Trasa nie zatacza p\u0119tli, a punkty rozrzucone s\u0105 bez logicznego sensu. Dla u\u0142atwienia stworzy\u0142am mapk\u0119 punkt\u00f3w \u015bcie\u017cki, pami\u0119tajcie przy tym, \u017ce z punktu III nale\u017cy si\u0119 cofn\u0105\u0107 t\u0105 sam\u0105 tras\u0105 do punktu IV. A nast\u0119pnie uda\u0107 si\u0119 do kolejnych, rozrzuconych po obu stronach miejscowo\u015bci. Kolejno\u015b\u0107 dowolna, zawsze nale\u017cy si\u0119 w kt\u00f3rym\u015b kierunku cofn\u0105\u0107. <\/p>\n\n\n\n<p>My wybrali\u015bmy bardziej dzik\u0105 przygod\u0119 (troch\u0119 nie\u015bwiadomie) z punktu III &#8222;Zielona Szko\u0142a&#8221; przeszli\u015bmy dzikimi \u015bcie\u017ckami le\u015bnymi do punktu V, czyli Jeziora Wroczy\u0144skiego Du\u017cego (przechodzili\u015bmy jednak przez wyschni\u0119ty strumyk, wi\u0119c nie wiem czy w ka\u017cdym czasie trasa b\u0119dzie do przej\u015bcia) zataczaj\u0105c w ten spos\u00f3b p\u0119tle. Nie z\u0142apali\u015bmy kleszczy, ale by\u0142a przeprawa przez pokrzywy, zatem p\u0119tla tylko dla odwa\u017cnych \ud83d\ude42 <\/p>\n\n\n\n<p>Spod jeziora udali\u015bmy si\u0119 w dalsz\u0105 drog\u0119 przyjrze\u0107 si\u0119 bli\u017cej pobliskiemu dworkowi Jackowskich. W\u0142a\u015bcicielem jego od 1899 by\u0142 Tadeusz Jackowski, a dw\u00f3r zosta\u0142 w r\u0119kach rodziny do 1939 roku. T\u0105 histori\u0119 mo\u017cecie jednak pozna\u0107 na wi\u0119kszo\u015bci stronach opisuj\u0105cych sam dw\u00f3r. Ja chcia\u0142am Wam wspomnie\u0107 o czasie, kiedy on jeszcze do rodziny Jackowskich nie nale\u017ca\u0142. A by\u0142o to w latach od ok 1850 roku do ok 1880. Wg danych ze strony rodziny, posiad\u0142o\u015b\u0107 w tych w\u0142a\u015bnie latach nale\u017ca\u0142a do rodziny von Treskow, kt\u00f3rej drzewo z zaciekawieniem odtwarzam. Nie znalaz\u0142am potwierdzenia na polskich stronach opisuj\u0105cych dw\u00f3r, w tym czasie istnieje luka informacyjna. Ok roku 1850 posiad\u0142o\u015b\u0107 naby\u0142 syn w\u0142a\u015bciciela Owi\u0144sk Otto Sigismund (1793-1855) dla swoich dzieci. To w\u0142a\u015bnie ta linia rodze\u0144stwa by\u0142a najliczniej zamieszkuj\u0105c\u0105 ziemie wielkopolsk\u0105. Ka\u017cde z dzieci Otta dosta\u0142o inn\u0105 posiad\u0142o\u015b\u0107, Wronczyn trafi\u0142 w r\u0119ce m\u0142odszej c\u00f3rki Berthy Otilie (1830-1899), kt\u00f3ra po swoim \u015blubie w <strong>1861<\/strong> roku wraz z Wilhelmem von Arco (1833-1872) zamieszka\u0142a w otrzymanym dworze. To w\u0142a\u015bnie w tym czasie urodzi\u0142a si\u0119 im tr\u00f3jka dzieci Bertha, Alice i Wilhelm. Niestety swoje losy z dworem i sob\u0105 z\u0142\u0105czyli na kr\u00f3tko, bo w <strong>1872<\/strong> roku roku zmar\u0142 ma\u0142\u017conek Berthy, a ta po \u015bmierci m\u0119\u017ca postanowi\u0142a wraz z dzie\u0107mi powr\u00f3ci\u0107 do Berlina. Tak ok roku 1880 nast\u0105pi\u0142a sprzeda\u017c dworu w kolejne r\u0119ce niemieckie Racharda von Falkenhayn, kt\u00f3ry to w 1899 roku sprzeda\u0142 go wspomnianemu Tadeuszowi Jackowskiemu. <\/p>\n\n\n\n<p>Poni\u017cej zarys drzewa genealogicznego z linii Otto, brata Henricha z Radojewa, Luisa z Wierzonki oraz Carla z Grocholina. <\/p>\n\n\n\n<figure class=\"wp-block-gallery columns-1 is-cropped wp-block-gallery-1 is-layout-flex wp-block-gallery-is-layout-flex\"><ul class=\"blocks-gallery-grid\"><li class=\"blocks-gallery-item\"><figure><img loading=\"lazy\" decoding=\"async\" width=\"1024\" height=\"457\" src=\"https:\/\/budzikowswiat.pl\/wp-content\/uploads\/2021\/10\/Przechwytywanie-1024x457.jpg\" alt=\"\" data-id=\"2215\" class=\"wp-image-2215\" srcset=\"https:\/\/budzikowswiat.pl\/wp-content\/uploads\/2021\/10\/Przechwytywanie-1024x457.jpg 1024w, https:\/\/budzikowswiat.pl\/wp-content\/uploads\/2021\/10\/Przechwytywanie-300x134.jpg 300w, https:\/\/budzikowswiat.pl\/wp-content\/uploads\/2021\/10\/Przechwytywanie-768x343.jpg 768w, https:\/\/budzikowswiat.pl\/wp-content\/uploads\/2021\/10\/Przechwytywanie-600x268.jpg 600w, https:\/\/budzikowswiat.pl\/wp-content\/uploads\/2021\/10\/Przechwytywanie.jpg 1523w\" sizes=\"auto, (max-width: 1024px) 100vw, 1024px\" \/><figcaption class=\"blocks-gallery-item__caption\">Drzewo genealogiczne &#8211; opracowanie w\u0142asne<\/figcaption><\/figure><\/li><\/ul><\/figure>\n\n\n\n<p>Trudno mi oceni\u0107 ile w tym prawdy, jednak luki informacyjne na polskich stronach daj\u0105 wysokie prawdopodobie\u0144stwo takiego scenariusza, a umiejscowienie pasuje idealnie do dzia\u0142a\u0144 terytorialnych rodziny von Treskow, zamieszkuj\u0105cej pobliskie miejscowo\u015bci. W bibliotece cyfrowej nie znalaz\u0142am wzmianek o rodzinie zamieszkuj\u0105cej w tym czasie dw\u00f3r, zak\u0142adam jednak, \u017ce to prawda \ud83d\ude42 <\/p>\n\n\n\n<p>Co si\u0119 tyczy samej \u015bcie\u017cki na terenie Wronczyna, Maksymilian Jackowski to ojciec wspomnianego Tadeusza, w\u0142a\u015bciciela dworu po 1899 roku, zas\u0142u\u017cony dzia\u0142acz spo\u0142eczno-gospodarczy. Na trasie \u015bcie\u017cki mo\u017cecie odwiedzi\u0107 groby nale\u017c\u0105ce do rodziny, mi\u0119dzy innymi Maksymiliana oraz  jego syna Tadeusza wraz z \u017con\u0105 Paul\u0105 (z Ch\u0142apowskich). Z ciekawostek dotycz\u0105cych tematu Maksymilian by\u0142 praktykantem u Dezyderego Ch\u0142apowskiego z Turwi (ta wycieczka jeszcze przed nami), natomiast \u017cona Tadeusza, to linia Ch\u0142apowskich z pa\u0142acu w Czerwonej Wsi. Linie rodziny Ch\u0142apowskich z Turwi i Czerwonej Wsi \u0142\u0105cz\u0105 si\u0119 jednak gdzie\u015b w okolicy 1680 roku, a Paul\u0119 i Dezyderego oddziela 78 lat, daleko zatem do szukania powi\u0105za\u0144, maj\u0105 jednak minimalny procent wi\u0119z\u00f3w krwi.  <\/p>\n\n\n\n<p>Przyjemnego odkrywania, tras\u0119 polecam tylko przy okazji odwiedzin Puszczy Zielonki, jezioro jest malownicze, a sam dworek (w trakcie remontu) przyci\u0105ga uwag\u0119. Trasa cz\u0119\u015bciowo prowadzi trawnikiem ko\u0142o muru dworskiego, brak chodnika tu\u017c ko\u0142o ulicy, zatem udzia\u0142 dzieci nale\u017cy przemy\u015ble\u0107 i dostosowa\u0107 do w\u0142asnych mo\u017cliwo\u015bci i ch\u0119ci.  <\/p>\n\n\n\nngg_shortcode_0_placeholder\n\n\n\n<p class=\"has-text-align-center\"><strong>MAPKA PUNKT\u00d3W \u015aCIE\u017bKI DYDAKTYCZNEJ<\/strong><\/p>\n\n\n\n<figure class=\"wp-block-image size-large is-style-rounded\"><a href=\"https:\/\/www.google.com\/maps\/d\/u\/0\/edit?mid=1APjmMskSo6WTxUhqhPRMS4POpkAuwvjy&amp;usp=sharing\" target=\"_blank\" rel=\"noopener\"><img loading=\"lazy\" decoding=\"async\" width=\"1024\" height=\"555\" src=\"https:\/\/budzikowswiat.pl\/wp-content\/uploads\/2021\/10\/Mapka-Sciezka-Maksymiliana-Jackowskiego-1024x555.jpg\" alt=\"\" class=\"wp-image-2182\" srcset=\"https:\/\/budzikowswiat.pl\/wp-content\/uploads\/2021\/10\/Mapka-Sciezka-Maksymiliana-Jackowskiego-1024x555.jpg 1024w, https:\/\/budzikowswiat.pl\/wp-content\/uploads\/2021\/10\/Mapka-Sciezka-Maksymiliana-Jackowskiego-300x163.jpg 300w, https:\/\/budzikowswiat.pl\/wp-content\/uploads\/2021\/10\/Mapka-Sciezka-Maksymiliana-Jackowskiego-768x416.jpg 768w, https:\/\/budzikowswiat.pl\/wp-content\/uploads\/2021\/10\/Mapka-Sciezka-Maksymiliana-Jackowskiego-554x300.jpg 554w, https:\/\/budzikowswiat.pl\/wp-content\/uploads\/2021\/10\/Mapka-Sciezka-Maksymiliana-Jackowskiego.jpg 1318w\" sizes=\"auto, (max-width: 1024px) 100vw, 1024px\" \/><\/a><\/figure>\n\n\n\n<p><strong>Ciekawe na trasie: <\/strong><\/p>\n\n\n\n<ul class=\"wp-block-list\"><li>Punkty \u015bcie\u017cki dydaktycznej <\/li><li>Pomnik Przyrody Maksymilian <\/li><li>Zabytkowy Cmentarz<\/li><li>Dw\u00f3r z prze\u0142omu XVIII\/XIX w.  <\/li><\/ul>\n\n\n\n<p><strong>Dost\u0119pne w pobli\u017cu: <\/strong><\/p>\n\n\n\n<ul class=\"wp-block-list\"><li><a rel=\"noreferrer noopener\" href=\"https:\/\/budzikowswiat.pl\/?p=90\" target=\"_blank\">Park Miniatur i Gr\u00f3d Pobiedziska<\/a><\/li><li><a rel=\"noreferrer noopener\" href=\"https:\/\/budzikowswiat.pl\/?p=478\" target=\"_blank\">Skansen w questem w domku<\/a><\/li><li><a rel=\"noreferrer noopener\" href=\"https:\/\/budzikowswiat.pl\/?cat=22\" target=\"_blank\">Puszcza Zielonka<\/a><\/li><\/ul>\n\n\n\n<p><strong>Posty o rodzinie von Treskow:<\/strong><\/p>\n\n\n\n<ul class=\"wp-block-list\"><li><a href=\"https:\/\/budzikowswiat.pl\/?p=1026\" target=\"_blank\" rel=\"noreferrer noopener\">Radojewo<\/a><\/li><li><a href=\"https:\/\/budzikowswiat.pl\/?p=1388\" target=\"_blank\" rel=\"noreferrer noopener\">Kar\u0142owice<\/a><\/li><\/ul>\n\n\n\n<p><strong>Dane wycieczki\/ lokalizacja:<\/strong><\/p>\n\n\n\n<p><strong>Wojew\u00f3dztwo: <\/strong>wielkopolskie<\/p>\n\n\n\n<p><strong>Powiat: <\/strong>pozna\u0144ski<\/p>\n\n\n\n<p><strong>Gmina:<\/strong> St\u0119szew<\/p>\n\n\n\n<p><strong>Miejscowo\u015b\u0107:<\/strong> Wronczyn<\/p>\n","protected":false},"excerpt":{"rendered":"<p>\u015acie\u017cka dydaktyczna im. Maksymiliana Jackowskiego we Wronczynie z histori\u0105 rodziny von Treskow w tle, tak bym opisa\u0142a w skr\u00f3cie nasz\u0105 wypraw\u0119 do Wronczyna. Opis\u00f3w samej \u015bcie\u017cki nie znalaz\u0142am wiele, natomiast te kt\u00f3re znalaz\u0142am, m\u00f3wi\u0105 o punktach, kt\u00f3re znajduj\u0105 si\u0119 na trasie. I tak nale\u017cy \u015bcie\u017ck\u0119 interpretowa\u0107. Punkty. Trasa nie zatacza p\u0119tli, a punkty rozrzucone s\u0105&#8230; <\/p>\n<div class=\"link-more\"><a href=\"https:\/\/budzikowswiat.pl\/?p=2181\">Read More<\/a><\/div>\n","protected":false},"author":1,"featured_media":2218,"comment_status":"closed","ping_status":"closed","sticky":false,"template":"","format":"standard","meta":{"ngg_post_thumbnail":0,"_jetpack_memberships_contains_paid_content":false,"footnotes":""},"categories":[70,83,28,79,73,16,3,57,22,58,4,39,71,6,78,7,72],"tags":[],"class_list":["post-2181","post","type-post","status-publish","format-standard","has-post-thumbnail","hentry","category-70","category-odznaka-krajoznawcza-polski","category-odznaki-turystyczne","category-park-krajobrazowy-puszcza-zielonka","category-podroze-z-dziecmi","category-pomnik-przyrody","category-powiat-poznanski","category-przyjaciel-wielkopolski","category-puszcza-zielonka","category-regionalna-odznaka-krajoznawcza","category-tropiciel-przyrody","category-turysta-przyrodnik","category-von-treskow","category-wielkopolska","category-wielkopolskie-jeziora","category-wycieczka-przyrodnicza","category-z-historia-w-tle"],"jetpack_featured_media_url":"https:\/\/budzikowswiat.pl\/wp-content\/uploads\/2021\/10\/20211003_120559.jpg","jetpack_sharing_enabled":true,"_links":{"self":[{"href":"https:\/\/budzikowswiat.pl\/index.php?rest_route=\/wp\/v2\/posts\/2181","targetHints":{"allow":["GET"]}}],"collection":[{"href":"https:\/\/budzikowswiat.pl\/index.php?rest_route=\/wp\/v2\/posts"}],"about":[{"href":"https:\/\/budzikowswiat.pl\/index.php?rest_route=\/wp\/v2\/types\/post"}],"author":[{"embeddable":true,"href":"https:\/\/budzikowswiat.pl\/index.php?rest_route=\/wp\/v2\/users\/1"}],"replies":[{"embeddable":true,"href":"https:\/\/budzikowswiat.pl\/index.php?rest_route=%2Fwp%2Fv2%2Fcomments&post=2181"}],"version-history":[{"count":17,"href":"https:\/\/budzikowswiat.pl\/index.php?rest_route=\/wp\/v2\/posts\/2181\/revisions"}],"predecessor-version":[{"id":2229,"href":"https:\/\/budzikowswiat.pl\/index.php?rest_route=\/wp\/v2\/posts\/2181\/revisions\/2229"}],"wp:featuredmedia":[{"embeddable":true,"href":"https:\/\/budzikowswiat.pl\/index.php?rest_route=\/wp\/v2\/media\/2218"}],"wp:attachment":[{"href":"https:\/\/budzikowswiat.pl\/index.php?rest_route=%2Fwp%2Fv2%2Fmedia&parent=2181"}],"wp:term":[{"taxonomy":"category","embeddable":true,"href":"https:\/\/budzikowswiat.pl\/index.php?rest_route=%2Fwp%2Fv2%2Fcategories&post=2181"},{"taxonomy":"post_tag","embeddable":true,"href":"https:\/\/budzikowswiat.pl\/index.php?rest_route=%2Fwp%2Fv2%2Ftags&post=2181"}],"curies":[{"name":"wp","href":"https:\/\/api.w.org\/{rel}","templated":true}]}}