{"id":3559,"date":"2023-02-12T13:20:07","date_gmt":"2023-02-12T13:20:07","guid":{"rendered":"https:\/\/budzikowswiat.pl\/?p=3559"},"modified":"2023-02-12T13:20:10","modified_gmt":"2023-02-12T13:20:10","slug":"spokojny-ciazen","status":"publish","type":"post","link":"https:\/\/budzikowswiat.pl\/?p=3559","title":{"rendered":"SPOKOJNY CI\u0104\u017bE\u0143"},"content":{"rendered":"\n<p class=\"has-text-align-justify\">Nieopodal spokojnie p\u0142yn\u0105cej Warty, na wzg\u00f3rzu wznosi si\u0119 rokokowy XVIII-wieczny dawny pa\u0142ac biskupi. Dumnie wzbogaca krajobraz Nadwarcia\u0144skiego Parku Krajobrazowego, na granicy, kt\u00f3rego stoi. B\u0119d\u0105c w okolicy mo\u017cna przystan\u0105\u0107 i zajrze\u0107 do jego francuskiego parku z widokiem na dolin\u0119 i odpocz\u0105\u0107 w cieniu pobliskich drzew. <\/p>\n\n\n<div class=\"wp-block-image is-style-rounded\">\n<figure class=\"alignright size-large is-resized\"><img loading=\"lazy\" decoding=\"async\" src=\"https:\/\/budzikowswiat.pl\/wp-content\/uploads\/2023\/02\/20210523_114308_HDR-801x1024.jpg\" alt=\"\" class=\"wp-image-3597\" width=\"166\" height=\"212\" srcset=\"https:\/\/budzikowswiat.pl\/wp-content\/uploads\/2023\/02\/20210523_114308_HDR-801x1024.jpg 801w, https:\/\/budzikowswiat.pl\/wp-content\/uploads\/2023\/02\/20210523_114308_HDR-235x300.jpg 235w, https:\/\/budzikowswiat.pl\/wp-content\/uploads\/2023\/02\/20210523_114308_HDR-768x982.jpg 768w, https:\/\/budzikowswiat.pl\/wp-content\/uploads\/2023\/02\/20210523_114308_HDR-1201x1536.jpg 1201w, https:\/\/budzikowswiat.pl\/wp-content\/uploads\/2023\/02\/20210523_114308_HDR.jpg 1315w\" sizes=\"auto, (max-width: 166px) 100vw, 166px\" \/><figcaption><em><sub>Ignacy Raczy\u0144ski, portret ze zbior\u00f3w Muzeum Narodowego w Rogalinie<\/sub><\/em><\/figcaption><\/figure>\n<\/div>\n\n\n<p class=\"has-text-align-justify\">Nie znajdziemy du\u017cej ilo\u015bci danych na temat pa\u0142acu, wybudowany zosta\u0142 na zlecenie bpa Teodora Czartoryskiego po 1758 roku, ale uko\u0144czony przez kolejnego bpa Ignacego Raczy\u0144skiego do roku ok 1810. W 1818 roku, kiedy skonfiskowane zosta\u0142y dobra ko\u015bcielne, pa\u0142ac trafi\u0142 w r\u0119ce Wac\u0142awa Gutakowskiego, to w\u0142a\u015bnie na jego postaci chcia\u0142am si\u0119 na chwil\u0119 zatrzyma\u0107. <\/p>\n\n\n<div class=\"wp-block-image is-style-rounded\">\n<figure class=\"alignleft size-full is-resized\"><img loading=\"lazy\" decoding=\"async\" src=\"https:\/\/budzikowswiat.pl\/wp-content\/uploads\/2023\/02\/200px-Herb_Gutak.png\" alt=\"\" class=\"wp-image-3563\" width=\"138\" height=\"179\"\/><figcaption><em><sub>\u017ar\u00f3d\u0142o: wikipedia.pl<\/sub><\/em><\/figcaption><\/figure>\n<\/div>\n\n\n<p class=\"has-text-align-justify\">Wac\u0142aw Gutakowski, syn znanego w Ksi\u0119stwie Warszawskim Ludwika Szymona Gutakowskiego herbu Gutak, prezesa senatu, szambelana Jego Kr\u00f3lewskiej Mo\u015bci, czynnego cz\u0142onka wolnomularstwa, za\u0142o\u017cyciela lo\u017cy maso\u0144skiej w Krakowie i Wielkiego Mistrza Wielkiego Wschodu Narodowego. Dopiero w wieku 49 lat poj\u0105\u0142 za \u017con\u0119 m\u0142odziutk\u0105 [oko\u0142o 17 letni\u0105] Teres\u0119 Sobolewsk\u0105 herbu \u015alepowron w 1787 roku, kt\u00f3ra zmar\u0142a kr\u00f3tko po porodzie Wac\u0142awa w marcu 1790 roku, osierocaj\u0105c jego i dwuletni\u0105 wtedy ju\u017c siostr\u0119 Wac\u0142awa-Gabrysi\u0119. Macoch\u0105 dzieci w 1799 roku zosta\u0142a siostra Teresy, Marianna. Nie s\u0105 znane jednak losy dzieci w tamtym czasie. Histori\u0119 jego \u017cycia najlepiej przedstawi jednak jego nekrolog z Kuriera Pozna\u0144skiego przytoczony poni\u017cej. <\/p>\n\n\n\n<hr class=\"wp-block-separator has-alpha-channel-opacity\"\/>\n\n\n\n<figure class=\"wp-block-gallery alignright has-nested-images columns-default is-cropped wp-block-gallery-2 is-layout-flex wp-block-gallery-is-layout-flex\">\n<figure class=\"wp-block-image size-large is-style-rounded wp-duotone-000000-ffffff-1\"><img loading=\"lazy\" decoding=\"async\" width=\"732\" height=\"1024\" data-id=\"3587\" src=\"https:\/\/budzikowswiat.pl\/wp-content\/uploads\/2023\/02\/Waclaw-Gutakowski-732x1024.jpeg\" alt=\"\" class=\"wp-image-3587\" srcset=\"https:\/\/budzikowswiat.pl\/wp-content\/uploads\/2023\/02\/Waclaw-Gutakowski-732x1024.jpeg 732w, https:\/\/budzikowswiat.pl\/wp-content\/uploads\/2023\/02\/Waclaw-Gutakowski-214x300.jpeg 214w, https:\/\/budzikowswiat.pl\/wp-content\/uploads\/2023\/02\/Waclaw-Gutakowski-768x1075.jpeg 768w, https:\/\/budzikowswiat.pl\/wp-content\/uploads\/2023\/02\/Waclaw-Gutakowski.jpeg 779w\" sizes=\"auto, (max-width: 732px) 100vw, 732px\" \/><figcaption><em>\u017ar\u00f3d\u0142o: &#8222;Wspomnienia z Turwi&#8221; Krzysztof Morawski s. 271<\/em><\/figcaption><\/figure>\n<\/figure>\n\n\n\n<p class=\"has-text-align-justify\"><em><sub>P\u0142ukownik Wac\u0142aw hr. Gutakowski, zgas\u0142 w Kopaszewie o 11 godz. w nocy bm. w dziewi\u0119dziesi\u0105tym i trzecim roku \u017cycia. By\u0142 to jeden z tych zacnych weteran\u00f3w, kt\u00f3rzy z przymiotami gor\u0105cego patryotyzmu, osobistej dzielno\u015bci wybr\u00f3bowanego m\u0119stwa, \u0142\u0105czyli wysokie zalety i cnoty cz\u0142owieka i chrze\u015bcijanina. Z przera\u017caj\u0105c\u0105 zaprawd\u0119 szybko\u015bci\u0105 przerzedzaj\u0105 si\u0119 i gin\u0105 szeregi tych m\u0119\u017c\u00f3w, co s\u0142aw\u0119 polskiego or\u0119\u017ca roznie\u015bli w dalekie strony \u015bwiata, walcz\u0105c niez\u0142omnie pod obcemi znakami i krwi\u0105 swoj\u0105 zraszaj\u0105c obfite liczne kraje w tej blogiej nadziei, \u017ce czyni\u0105 to dla dobra ojczyzny, kt\u00f3r\u0105 ich w\u00f3dz, pogromca prawie ca\u0142ej Europy, odbuduje w nagrod\u0119 za ich po\u015bwi\u0119cenie i bohaterstwo. Do najszlachetniejszych z pomi\u0119dzy nich nale\u017ca\u0142 z pewno\u015bci\u0105 hr. Gutakowski. Urodzony z Ludwika Gutakowskiego, podkomorzego W. Ksi\u0119stwa litewskiego prezesa senatu, i z Teresy Sobolewskiej, kasztelanki warszawskiej, w G\u00f3rze pod Warszaw\u0105, dnia 7 marca r. 1790, w szesnastym roku \u017cycia (1806) wst\u0105pi\u0142 ju\u017c do gwardyi honorowej w Warszawie, nast\u0119pnie za\u015b do pu\u0142ku u\u0142an\u00f3w Wincentego Krasi\u0144skiego. Mianowany adjutantem jenera\u0142a R\u00f3\u017cnieckiego, w tym stopniu i charakterze odby\u0142 kampani\u0105 w roku 1809, odznaczy\u0142 si\u0119 chlubnie pod Raszynem, by\u0142 czynnym przy wzi\u0119ciu Krakowa, i odby\u0142 kampani\u0105 rosyjsk\u0105 w r. 1812 przy boku jenera\u0142a R\u00f3\u017cnieckiego. Mnogim dowodem m\u0119ztwa, jakie z\u0142o\u017cy\u0142 podczas tej wojny, zawdzi\u0119cza\u0142 rang\u0119 pu\u0142kownika 13 pu\u0142ku huzar\u00f3w Ksi\u0119stwa Warszawskiego, lecz \u015bwietnie rozpocz\u0119t\u0105 karyer\u0119 wojskow\u0105 przerwa\u0142a ci\u0119\u017cka rana, otrzymana przez m\u0142odego pu\u0142kownika pod Dohn\u0105. Za najlepsz\u0105 miar\u0119 po\u0142o\u017conych w tak m\u0142odym wieku zas\u0142ug pos\u0142u\u017cy\u0107 mo\u017ce fakt, \u017ce hrabia zosta\u0142 ozdobiony najwy\u017csz\u0105 wtedy u nas dekoracj\u0105 wojenn\u0105 W. Ksi\u0119stwa warszawskiego. Gdy d\u0142ugoletnie wojny sko\u0144czy\u0142y si\u0119 ostateczn\u0105 kl\u0119sk\u0105 bohatera, w kt\u00f3rym Polacy tak wielkie pok\u0142adali nadziej\u0119, rozczarowany nar\u00f3d z innej strony zacz\u0105\u0142 wyczekiwa\u0107 zbawienia. Szczeg\u00f3lniej wojskowi, \u017co\u0142nierze Napoleo\u0144scy, poszli za tym pr\u0105dem, a nasz pu\u0142kownik zast\u0105\u0142 flugeeladjutantem cara Aleksandra I. Nie d\u0142ugo potem (1817) wszed\u0142 w zwi\u0105zki ma\u0142\u017ce\u0144skie z J\u00f3zef\u0105 Grudzi\u0144sk\u0105. Zami\u0142owany w wojskowym zawodze, widz\u0105c w nim \u015brodek odzyskania narodowej niepodleg\u0142osci, by\u0142by niezawodnie wytrwa\u0142 na stanowisku przez d\u0142ugie lata, gdyby nie brutalno\u015b\u0107 w. ksi\u0119cia, kt\u00f3rej nie mog\u0142 si\u0119 podda\u0107. Jako\u017c po przykrym zaj\u015bciu z tym gwa\u0142townym cz\u0142owiekiem, wzi\u0105\u0142 dymisj\u0119 (1822) i wyjecha\u0142 za granic\u0119; p\u00f3\u017aniej osiedli\u0142 si\u0119 w Pozna\u0144skim. Do wielu zalet, kt\u00f3re zdobi\u0142y t\u0119 szlachetn\u0105 i pi\u0119kn\u0105 dusz\u0119 a\u017c do ostatnich lat d\u0142ugiego \u017cycia, nale\u017c\u0105: wielkie mi\u0142osierdzie, gotowo\u015b\u0107 na \u015bmier\u0107 i \u017cywa, gor\u0105ca wiara. Mi\u0142o\u015b\u0107 do Ko\u015bcio\u0142a \u0142\u0105czy\u0142 On zawsze z serdeczn\u0105 mi\u0142o\u015bci\u0105 kraju; to te\u017c nigdy nie straci\u0142 wiary w przysz\u0142o\u015b\u0107 i odrodzenie ojczyzny. Sko\u0144czy\u0142 z zajwi\u0119ksz\u0105 przytomono\u015bci\u0105, wyspowiada\u0142 si\u0119 i komunikowa\u0142, otoczony rodzin\u0105 Ch\u0142\u0105powskich, kt\u00f3ra w staro\u015bci piel\u0119gnowa\u0142a go z synowsk\u0105 czci\u0105 i mi\u0142o\u015bci\u0105, b\u0142ogos\u0142awi\u0142 ka\u017cdemu z osobna a\u017c do drobnych dziatek, i umar\u0142 z u\u015biechem na ustach. Cze\u015b\u0107 jego pami\u0119ci!<\/sub><\/em><\/p>\n\n\n\n<p class=\"has-text-align-right\"><sub><em>\u017ar\u00f3d\u0142o: <\/em><\/sub><sub style=\"\"><i>Kurier Pozna\u0144ski 1882.11.30 R. 11 nr 274<\/i><\/sub><\/p>\n\n\n\n<hr class=\"wp-block-separator has-alpha-channel-opacity\"\/>\n\n\n\n<p class=\"has-text-align-justify\">Mo\u017cna nale\u017a\u0107 jeszcze kilka wspomnie\u0144 dotycz\u0105cych tego mo\u015bci bohatera, wi\u0119kszo\u015b\u0107 jednak dotyczy czas\u00f3w jego \u017cycia, ju\u017c w Turwi czy Kopaszewie. Poza informacj\u0105 o bankructwie, do kt\u00f3rego doprowadzi\u0142o go posiadanie tego\u017c pa\u0142acu, brak innych wzmianek w temacie. Wiadomym jest, \u017ce po \u015bmierci \u017cony J\u00f3zefy z Grudzi\u0144skich w 1861 roku, Wac\u0142aw przeprowadzi\u0142 si\u0119 ju\u017c do Turwi, a nast\u0119pnie do Kopaszewa, gdzie zmar\u0142. <\/p>\n\n\n<div class=\"wp-block-image is-style-rounded\">\n<figure class=\"alignright size-full is-resized\"><img loading=\"lazy\" decoding=\"async\" src=\"https:\/\/budzikowswiat.pl\/wp-content\/uploads\/2023\/02\/Ciazen-Szkola-Rolnicza-1967-r.-.JPG-aukcja-Alegro.jpg\" alt=\"\" class=\"wp-image-3576\" width=\"217\" height=\"305\" srcset=\"https:\/\/budzikowswiat.pl\/wp-content\/uploads\/2023\/02\/Ciazen-Szkola-Rolnicza-1967-r.-.JPG-aukcja-Alegro.jpg 281w, https:\/\/budzikowswiat.pl\/wp-content\/uploads\/2023\/02\/Ciazen-Szkola-Rolnicza-1967-r.-.JPG-aukcja-Alegro-214x300.jpg 214w\" sizes=\"auto, (max-width: 217px) 100vw, 217px\" \/><figcaption><em><sub>\u017ar\u00f3d\u0142o: Ci\u0105\u017ce\u0144 1967 r. aukcja internetowa <\/sub><\/em><\/figcaption><\/figure>\n<\/div>\n\n\n<p class=\"has-text-align-justify\">Pa\u0142ac przechodzi\u0142 w kolejnych latach z r\u0105k do r\u0105k, wymienione s\u0105 rodziny min. Golczk\u00f3w, D\u0119bskich i Zakrzewskich, a po bankructwie tych ostatnich wszed\u0142 w r\u0119ce skarbu pa\u0144stwa. Po kr\u00f3tkim epizodzie szko\u0142y podstawowej w murach pa\u0142acu, od 1969 roku, nale\u017cy on po dzi\u015b dzie\u0144 do Uniwersytetu im. Adama Mickiewicza, kt\u00f3ry utworzy\u0142 w nim fili\u0119 biblioteki oraz Dom Pracy Tw\u00f3rczej, daj\u0105c mu drugie \u017cycie. <\/p>\n\n\n\n<p><\/p>\n\n\n\n<p class=\"has-text-align-justify\">Obecnie park przypa\u0142acowy jest udost\u0119pniony do odwiedzania, my w\u0142a\u015bnie w zimowe popo\u0142udnie wybrali\u015bmy si\u0119 tam na spacer. Krocz\u0105c \u015bcie\u017ckami parku mo\u017cna napotka\u0107 na pomnik przyrody, pozosta\u0142o\u015bci strych fundament\u00f3w oraz ch\u0142on\u0105\u0107 spok\u00f3j p\u0142yn\u0105cy z otoczenia. Przy s\u0142onecznej pogodzie, warto zabra\u0107 okulary, ods\u0142oni\u0119te wzg\u00f3rze jest sk\u0105pane wtedy w s\u0142o\u0144cu z widokiem na sun\u0105c\u0105 w dolinie Wart\u0119. Sam pa\u0142ac mo\u017cna te\u017c obserwowa\u0107 z wody, je\u017celi wybrali\u015bcie ten fragment Wielkiej P\u0119tli Wielkopolski do przep\u0142yni\u0119cia kajakami, co oczywi\u015bcie jest mo\u017cliwe np. z L\u0105du do Pyzdr.<\/p>\n\n\n\nngg_shortcode_0_placeholder\n\n\n\n<p><strong>Ciekawe na trasie: <\/strong><\/p>\n\n\n\n<ul class=\"wp-block-list\"><li>XVIII-wieczny pa\u0142ac biskupi<\/li><li>Francuski park przypa\u0142acowy<\/li><li>Pomnik Przyrody<\/li><li>Widok na Nadwarcia\u0144\u015bki Park Krajobrazowy<\/li><\/ul>\n\n\n\n<p><strong>Dost\u0119pne w pobli\u017cu: <\/strong><\/p>\n\n\n\n<ul class=\"wp-block-list\"><li><a rel=\"noreferrer noopener\" href=\"https:\/\/budzikowswiat.pl\/?p=3008\" target=\"_blank\">\u015amie\u0142\u00f3w<\/a><\/li><li><a rel=\"noreferrer noopener\" href=\"https:\/\/budzikowswiat.pl\/?p=3139\" target=\"_blank\">Kajakowe szlaki<\/a><\/li><li><a rel=\"noreferrer noopener\" href=\"https:\/\/budzikowswiat.pl\/?p=1882\" target=\"_blank\">Pyzdry<\/a><\/li><li><a rel=\"noreferrer noopener\" href=\"https:\/\/budzikowswiat.pl\/?p=198\" target=\"_blank\">L\u0105d<\/a><\/li><li>Lawendowy L\u0105d<\/li><li>Marina L\u0105d<\/li><li>Nadwarcia\u0144ski Park Krajobrazowy<\/li><\/ul>\n\n\n\n<p><strong>Dane wycieczki\/ lokalizacja:<\/strong><\/p>\n\n\n\n<p><strong>Wojew\u00f3dztwo: wielkopolskie<\/strong><\/p>\n\n\n\n<p><strong>Powiat: <\/strong>s\u0142upecki<\/p>\n\n\n\n<p><strong>Gmina:<\/strong> L\u0105dek<\/p>\n\n\n\n<p><strong>Miejscowo\u015b\u0107:<\/strong> Ci\u0105\u017ce\u0144<\/p>\n\n\n\n<p>!Pami\u0119tajcie, aby godziny otwarcia sprawdzi\u0107 samodzielnie, przed wizyt\u0105 w obiekcie, mog\u0105 one ulec zmianie. <\/p>\n\n\n\n<p class=\"has-text-align-justify\">   <\/p>\n","protected":false},"excerpt":{"rendered":"<p>Nieopodal spokojnie p\u0142yn\u0105cej Warty, na wzg\u00f3rzu wznosi si\u0119 rokokowy XVIII-wieczny dawny pa\u0142ac biskupi. Dumnie wzbogaca krajobraz Nadwarcia\u0144skiego Parku Krajobrazowego, na granicy, kt\u00f3rego stoi. B\u0119d\u0105c w okolicy mo\u017cna przystan\u0105\u0107 i zajrze\u0107 do jego francuskiego parku z widokiem na dolin\u0119 i odpocz\u0105\u0107 w cieniu pobliskich drzew. Nie znajdziemy du\u017cej ilo\u015bci danych na temat pa\u0142acu, wybudowany zosta\u0142 na&#8230; <\/p>\n<div class=\"link-more\"><a href=\"https:\/\/budzikowswiat.pl\/?p=3559\">Read More<\/a><\/div>\n","protected":false},"author":1,"featured_media":3618,"comment_status":"closed","ping_status":"closed","sticky":false,"template":"","format":"standard","meta":{"ngg_post_thumbnail":0,"_jetpack_memberships_contains_paid_content":false,"footnotes":""},"categories":[100,95,33,28,55,73,16,34,57,96,101,4,39,6,92,72],"tags":[],"class_list":["post-3559","post","type-post","status-publish","format-standard","has-post-thumbnail","hentry","category-100","category-kajaki","category-nadwarcianski-park-krajobrazowy","category-odznaki-turystyczne","category-park-podworski","category-podroze-z-dziecmi","category-pomnik-przyrody","category-powiat-slupecki","category-przyjaciel-wielkopolski","category-rzeki-wielkopolskie","category-sylwetki-wielkopolan","category-tropiciel-przyrody","category-turysta-przyrodnik","category-wielkopolska","category-wielkopolskie-palace","category-z-historia-w-tle"],"jetpack_featured_media_url":"https:\/\/budzikowswiat.pl\/wp-content\/uploads\/2023\/02\/20230205_152330.jpg","jetpack_sharing_enabled":true,"_links":{"self":[{"href":"https:\/\/budzikowswiat.pl\/index.php?rest_route=\/wp\/v2\/posts\/3559","targetHints":{"allow":["GET"]}}],"collection":[{"href":"https:\/\/budzikowswiat.pl\/index.php?rest_route=\/wp\/v2\/posts"}],"about":[{"href":"https:\/\/budzikowswiat.pl\/index.php?rest_route=\/wp\/v2\/types\/post"}],"author":[{"embeddable":true,"href":"https:\/\/budzikowswiat.pl\/index.php?rest_route=\/wp\/v2\/users\/1"}],"replies":[{"embeddable":true,"href":"https:\/\/budzikowswiat.pl\/index.php?rest_route=%2Fwp%2Fv2%2Fcomments&post=3559"}],"version-history":[{"count":33,"href":"https:\/\/budzikowswiat.pl\/index.php?rest_route=\/wp\/v2\/posts\/3559\/revisions"}],"predecessor-version":[{"id":3619,"href":"https:\/\/budzikowswiat.pl\/index.php?rest_route=\/wp\/v2\/posts\/3559\/revisions\/3619"}],"wp:featuredmedia":[{"embeddable":true,"href":"https:\/\/budzikowswiat.pl\/index.php?rest_route=\/wp\/v2\/media\/3618"}],"wp:attachment":[{"href":"https:\/\/budzikowswiat.pl\/index.php?rest_route=%2Fwp%2Fv2%2Fmedia&parent=3559"}],"wp:term":[{"taxonomy":"category","embeddable":true,"href":"https:\/\/budzikowswiat.pl\/index.php?rest_route=%2Fwp%2Fv2%2Fcategories&post=3559"},{"taxonomy":"post_tag","embeddable":true,"href":"https:\/\/budzikowswiat.pl\/index.php?rest_route=%2Fwp%2Fv2%2Ftags&post=3559"}],"curies":[{"name":"wp","href":"https:\/\/api.w.org\/{rel}","templated":true}]}}