{"id":3810,"date":"2023-08-31T20:37:28","date_gmt":"2023-08-31T20:37:28","guid":{"rendered":"https:\/\/budzikowswiat.pl\/?p=3810"},"modified":"2023-08-31T20:50:33","modified_gmt":"2023-08-31T20:50:33","slug":"czerwony-szlak-przez-nadwarcianski-park-krajobrazowy","status":"publish","type":"post","link":"https:\/\/budzikowswiat.pl\/?p=3810","title":{"rendered":"CZERWONYM SZLAKIEM PRZEZ NADWARCIA\u0143SKI PARK KRAJOBRAZOWY"},"content":{"rendered":"\n<p class=\"has-text-align-justify\">Nadwarcia\u0144ski Park Krajobrazowy nie posiada du\u017cej ilo\u015bci wyznaczonych szlak\u00f3w pieszych, w\u0142a\u015bciwie mo\u017cemy wyr\u00f3\u017cni\u0107 dwa, gdzie jeden praktywcznie w ca\u0142o\u015bci pokrywa si\u0119 z cz\u0119\u015bci\u0105 drugiego. Czerwony szlak pieszy, bo o nim mowa, to najd\u0142u\u017cszy szlak, mo\u017cliwy do przej\u015bcia w tym parku (drugi to fragment Drogi \u015bw. Jakuba). Postanowi\u0142am sprawdzi\u0107, jak bardzo jest on atrakcyjny, jak utrzymany i oznakowany, a wybra\u0142am si\u0119 na t\u0105 w\u0119dr\u00f3wk\u0119 samotnie. Pocz\u0105tkowo przeznaczy\u0142am na przej\u015bcie szlaku (ok 28-29 km, zale\u017cy od rejestratora GPS) jede\u0144 dzie\u0144. Ostatecznie pokona\u0142am go w dw\u00f3ch cz\u0119\u015bciach, podzielonych na fragmenty 19 km i 9 km. <\/p>\n\n\n\n<p><strong>Trasa I: Ruda Komorska &#8211; Pyzdry &#8211; Bia\u0142obrzeg -Wr\u0105bczynek <\/strong><\/p>\n\n\n<div class=\"wp-block-image is-style-default\">\n<figure class=\"alignleft size-medium is-resized\"><img loading=\"lazy\" decoding=\"async\" src=\"https:\/\/budzikowswiat.pl\/wp-content\/uploads\/2023\/08\/Screenshot_20230501-164544-169x300.png\" alt=\"\" class=\"wp-image-3873\" width=\"218\" height=\"387\" srcset=\"https:\/\/budzikowswiat.pl\/wp-content\/uploads\/2023\/08\/Screenshot_20230501-164544-169x300.png 169w, https:\/\/budzikowswiat.pl\/wp-content\/uploads\/2023\/08\/Screenshot_20230501-164544-578x1024.png 578w, https:\/\/budzikowswiat.pl\/wp-content\/uploads\/2023\/08\/Screenshot_20230501-164544-768x1361.png 768w, https:\/\/budzikowswiat.pl\/wp-content\/uploads\/2023\/08\/Screenshot_20230501-164544-867x1536.png 867w, https:\/\/budzikowswiat.pl\/wp-content\/uploads\/2023\/08\/Screenshot_20230501-164544.png 1080w\" sizes=\"auto, (max-width: 218px) 100vw, 218px\" \/><\/figure>\n<\/div>\n\n\n<p class=\"has-text-align-justify\">Od <strong>Rudy Komorskiej<\/strong>, gdzie ko\u0142o kapliczki zaczynamy nasz\u0105 drog\u0119 ku <strong>L\u0105dkowi,<\/strong> nogi prowadz\u0105 przez <strong>krajobraz wielkopolskiej wsi<\/strong>. Szerokie pasma \u0142\u0105k i p\u00f3l, podzielone wa\u0142em wzd\u0142u\u017c <strong>Prosny<\/strong>, zachwycaj\u0105 swoj\u0105 przestrzeni\u0105. W zwi\u0105zku z pobliskimi polami uprawnymi, mo\u017cna na pocz\u0105tku drogi napotka\u0107 ruch traktor\u00f3w czy samochod\u00f3w. Szlak jest te\u017c w ca\u0142o\u015bci eksponowany na s\u0142o\u0144ce, zatem w okresie letnim nie nale\u017cy wychodzi\u0107 na szlak bez czapki (zawsze pami\u0119tajmy o w\u0142asnym bezpiecze\u0144stwie). <\/p>\n\n\n\n<p class=\"has-text-align-justify\">Po oko\u0142o 3 kilometrach docieramy do miejsca, gdzie w oddali rzeka Prosna wp\u0142ywa do Warty, tutaj krajobraz si\u0119 lekko zmienia, pojawia si\u0119 wi\u0119cej zadrzewie\u0144 w pobli\u017cu. Jest tam mo\u017cliwo\u015b\u0107 odpoczynku na brzegu rzeki i schowania si\u0119 przed s\u0142o\u0144cem lub spotka\u0107 oczywi\u015bcie, odpoczywaj\u0105cych w\u0119dkarzy. Id\u0105c dalej drog\u0105 powoli wy\u0142ania si\u0119 <strong>panorama Pyzdr<\/strong>, tam te\u017c mijamy ok 5 km naszej trasy. <\/p>\n\n\n\n<p class=\"has-text-align-justify\">Aby kontynuowa\u0107 szlak, nale\u017cy przekroczy\u0107 w Pyzdrach drog\u0119 wojew\u00f3dzk\u0105 442 i i\u015b\u0107 dalej szos\u0105 do rozdro\u017ca przy wale (bezpieczniejsza wersja, prowadzi pod mostem po lewej stronie szklaku, nie trzeba przekracza\u0107 czasem do\u015b\u0107 ruchliwej, drogi przy miasteczku; doprowadzi nas ona w to samo miejsce co trasa samochodowa w kierunku Walgi, kt\u00f3r\u0105 prowadzi szlak), tam wkraczamy w krajobraz bardziej le\u015bny z akcentami <strong>wydm \u015br\u00f3dl\u0105dowych<\/strong>. Cho\u0107 oznakowanie jest tutaj do\u015b\u0107 ubogie, szlak prowadzi praktycznie do Bia\u0142obrzegu wa\u0142em lub jego pobliskimi drogami (oznaczenia by\u0142y raz po jednej stronie wa\u0142u, raz po drugiej), na pewno nie zgubicie si\u0119, je\u015bli b\u0119dzieci szli, bez wzgl\u0119du na stron\u0119, wzd\u0142u\u017c owego wa\u0142u. Po lewej stronie otwiera si\u0119 <strong>krajobraz Warty<\/strong> i pobliskich jej starorzeczy. Dochodzimy do <strong>Bia\u0142obrzegu<\/strong>, gdzie przechodz\u0105c przez wie\u015b wchodzimy w \u015bcie\u017ck\u0119 le\u015bn\u0105 prowadzoc\u0105 nas ju\u017c prosto do <strong>Chatki Ornitologa. <\/strong> <\/p>\n\n\n\n<p class=\"has-text-align-justify\">Chatka jest obiektem zarz\u0105dzanym przez PTTK, zak\u0142ada\u0142am odwiedzi\u0107 to miejsce ju\u017c dawno, teraz by\u0142a ku temu sposobno\u015b\u0107. Planowa\u0142a tutaj d\u0142u\u017cszy przystanek, w\u0142a\u015bciwie nie sprawdzaj\u0105c czy Chatka dzia\u0142a w tym terminie. Na szcz\u0119\u015bcie akurat szykowali Pa\u0144stwo teren pod sezon wakacyjny (chatka jest czynna ca\u0142y tydzie\u0144 tylko w okresie wakacyjnym), dzi\u0119ki czemu mog\u0142am si\u0119 tam posili\u0107 i uzupe\u0142ni\u0107 braki wody. \u017bycie tam mia\u0142am wra\u017cenie, toczy\u0142o si\u0119 troch\u0119 wolniej ni\u017c jestem przyzwyczajona, ale to czyni to miejsce bardziej atrakcyjnym, mo\u017cna tam si\u0119 zatrzyma\u0107, wypi\u0107 kaw\u0119 przy rozpalonym ognisku, rozstawi\u0107 namiot i porozmawia\u0107 o czym dusza zapragnie. Rano spakowa\u0107 si\u0119 i i\u015b\u0107 dalej w tras\u0119 &#8211; tak naprawd\u0119 to bardzo dobra opcja, gdy\u017c tutaj trasa ma ju\u017c ok 15 km, zatem je\u017celi chcecie podzieli\u0107 tras\u0119 na dwa etapy, to opcja noclegu w Chatce jest ca\u0142kiem dobra, a do tego niezapomniane wspomnienia i do\u015bwiadczenia. <\/p>\n\n\n\n<p class=\"has-text-align-justify\">Powoli moje cia\u0142o odmawia\u0142o dalszej drogi, pomimo wcze\u015bniejszego odpoczynku. Ruszy\u0142am jednak dalej, gdzie nogi mnie ju\u017c prowadzi\u0142y szos\u0105, a\u017c do Wr\u0105bczynka. Tam odbijaj\u0105c w lewo, trafiamy na szerokie pasma \u0142\u0105k. Poczu\u0107 si\u0119 mo\u017cna jak na pustyni, tylko krajobraz nie jest piaskowy lecz trawiasto-kwiecisty. Tak przestronnej \u0142\u0105ki nigdy chyba nie widzia\u0142am. Szlak jednak tutaj jest bardzo zatarty, ci\u0119\u017cko dojrze\u0107 g\u0142\u00f3wn\u0105 \u015bcie\u017ck\u0119, oznacze\u0144 jest ma\u0142o. Wida\u0107, \u017ce droga nie jest cz\u0119sto ucz\u0119szczana, a je\u017celi ju\u017c to tylko przez lokalnych mieszka\u0144c\u00f3w. To na tej \u0142\u0105ce zako\u0144czy\u0142 si\u0119 m\u00f3j pierwszy etap podr\u00f3\u017cy. Mine\u0142am 19 km i du\u017co w mojej g\u0142owie m\u00f3wi\u0142o do\u015b\u0107. Teraz wiem, \u017ce da\u0142abym rad\u0119 doko\u0144czy\u0107 t\u0105 tras\u0119 tego dnia, w tamtym momencie jednak postanowi\u0142am inaczej. Zako\u0144czy\u0142am tras\u0119 I. <\/p>\n\n\n\nngg_shortcode_0_placeholder\n\n\n\n<p><strong>Trasa II: Wr\u0105bczynek &#8211; L\u0105d &#8211; L\u0105dek<\/strong><\/p>\n\n\n<div class=\"wp-block-image\">\n<figure class=\"alignright size-medium is-resized\"><img loading=\"lazy\" decoding=\"async\" src=\"https:\/\/budzikowswiat.pl\/wp-content\/uploads\/2023\/08\/Screenshot_20230503-102114-169x300.png\" alt=\"\" class=\"wp-image-3877\" width=\"250\" height=\"444\" srcset=\"https:\/\/budzikowswiat.pl\/wp-content\/uploads\/2023\/08\/Screenshot_20230503-102114-169x300.png 169w, https:\/\/budzikowswiat.pl\/wp-content\/uploads\/2023\/08\/Screenshot_20230503-102114-576x1024.png 576w, https:\/\/budzikowswiat.pl\/wp-content\/uploads\/2023\/08\/Screenshot_20230503-102114-768x1365.png 768w, https:\/\/budzikowswiat.pl\/wp-content\/uploads\/2023\/08\/Screenshot_20230503-102114-864x1536.png 864w, https:\/\/budzikowswiat.pl\/wp-content\/uploads\/2023\/08\/Screenshot_20230503-102114.png 1080w\" sizes=\"auto, (max-width: 250px) 100vw, 250px\" \/><\/figure>\n<\/div>\n\n\n<p class=\"has-text-align-justify\">Fragment trasy zaczynamy w\u015br\u00f3d \u0142\u0105k <strong>Ci\u0105\u017ce\u0144skich Holendr\u00f3w<\/strong>. Niespe\u0142na 10 km trasa do <strong>L\u0105dku<\/strong>, jest chyba bardziej r\u00f3\u017cnorodna ni\u017c 20 km fragment od Rudy Komorskiej. Pocz\u0105tkowe <strong>\u0142\u0105ki<\/strong> przechodz\u0105 w <strong>krajobraz le\u015bny<\/strong>, nast\u0119pnie w <strong>modmok\u0142y<\/strong> teren <strong>starorzecza i Warty<\/strong>, jest wyj\u0105tkowo malowniczo. Trafiamy do <strong>L\u0105du<\/strong>, gdzie zbli\u017camy si\u0119 powoli do ko\u0144ca trasy. Tutaj mijamy <strong>Pomnik Historii<\/strong>, dawne Opactwo Cysters\u00f3w w L\u0105dzie, a obecnie Klasztor pod opiek\u0105 Wy\u017cszego Seminarium Duchownego Towarzystwa Salezja\u0144skiego, to spory fragment historii regionu, gdy\u017c na tym terenie znajduje si\u0119 od 1145 roku. Klasztor jest udost\u0119pniany do zwiedzania w wyznaczonych godzinach, warto sprawdzi\u0107 przed planowan\u0105 wizyt\u0105. Mijamy go zgodnie z przebiegiem trasy i kroczymy poln\u0105 drog\u0105 ku <strong>L\u0105dkowi<\/strong>. W zale\u017cno\u015bci od pory roku, mo\u017cecie mija\u0107 tutaj r\u00f3\u017cny krajobraz. W czasie mojej wizyty przewa\u017ca\u0142 \u017c\u00f3\u0142ty rzepak, a innego dnia zebrane \u017cniwa. Wybierzcie t\u0105 por\u0119 roku, kt\u00f3ra Wam najbardziej odpowiada. <\/p>\n\n\n\n<p class=\"has-text-align-justify\">W L\u0105dku ko\u0144czy si\u0119 <strong>czerwony szlak<\/strong> i moja przygoda w tym terenie. <\/p>\n\n\n\nngg_shortcode_1_placeholder\n\n\n\n<p class=\"has-text-align-justify\">Ca\u0142a trasa, nie jest wymagaj\u0105ca pod wzgl\u0119dem kondycyjnym, mam na my\u015bli wysi\u0142ek zwi\u0105zany np. z chodzeniem po g\u00f3rkach czy pag\u00f3rkach, przewy\u017csze\u0144 na tym terenie praktycznie nie ma, chyba \u017ce we\u017amiemy pod uwag\u0119 wchodzenie na wa\u0142&#8230; Zatem trasa pod wzgl\u0119dem trudno\u015bci nale\u017cy do \u0142atwych, jedyn\u0105 trudno\u015bci\u0105 mo\u017ce byc dystans. Tutaj 30 km dla zawodowych\/do\u015bwiadczonych piechur\u00f3w mo\u017ce nie jest du\u017co, ale dla os\u00f3b o ni\u017cszej kondycji fizycznej, mo\u017ce stanowi\u0107 wyzwanie. Dla mnie to samotna w\u0119dr\u00f3wka spowodowa\u0142a przerwanie trasy, nie zm\u0119czenie fizyczne. Krajobraz pomimo swej p\u0142askiej formy zmienia\u0142 si\u0119, przez co nie by\u0142o monotonnie. Znalaz\u0142am kilka miejsc, do kt\u00f3rych chcia\u0142abym wr\u00f3ci\u0107, w formie bardziej lokalnej. Jak nocnowanko pod namiotem to wiecie gdzie \ud83d\ude42 Ca\u0142o\u015b\u0107 ch\u0119tnie bym powt\u00f3rzy\u0142a, ale mo\u017ce w\u0142a\u015bnie z nocowankiem, jako urozmaicenie i koniecznie w towarzystwie. Zatem Enjoy your life&#8230; anywhere &lt;3<\/p>\n\n\n\n<p><strong>Ciekawe na trasie: <\/strong><\/p>\n\n\n\n<ul class=\"wp-block-list\">\n<li><a href=\"https:\/\/budzikowswiat.pl\/?p=1882\" target=\"_blank\" rel=\"noreferrer noopener\">Pyzdry<\/a><\/li>\n\n\n\n<li>Chatka Ornitologa<\/li>\n\n\n\n<li>Klasztor Pocysterski &#8211; Pomnik Historii<\/li>\n<\/ul>\n\n\n\n<p><strong>Dost\u0119pne w pobli\u017cu: <\/strong><\/p>\n\n\n\n<ul class=\"wp-block-list\">\n<li><a href=\"https:\/\/budzikowswiat.pl\/?p=3559\" target=\"_blank\" rel=\"noreferrer noopener\">Ci\u0105\u017ce\u0144<\/a><\/li>\n\n\n\n<li><a href=\"https:\/\/budzikowswiat.pl\/?p=3008\" target=\"_blank\" rel=\"noreferrer noopener\">\u015amie\u0142\u00f3w<\/a><\/li>\n\n\n\n<li><a href=\"https:\/\/budzikowswiat.pl\/?p=3139\" target=\"_blank\" rel=\"noreferrer noopener\">Wielka P\u0119tla Wielkopolska <\/a><\/li>\n\n\n\n<li>Pole Lawendowe &#8211; Lawendowy L\u0105d<\/li>\n<\/ul>\n\n\n\n<p><strong>Dane wycieczki\/ lokalizacja:<\/strong><\/p>\n\n\n\n<p><strong>Wojew\u00f3dztwo: <\/strong>wielkopolskie<\/p>\n\n\n\n<p><strong>Powiat: <\/strong>wrzesi\u0144ski\/s\u0142upecki<\/p>\n\n\n\n<p><strong>Gmina:<\/strong> Pyzdry\/L\u0105dek<\/p>\n\n\n\n<p><strong>Miejscowo\u015b\u0107:<\/strong> Pyzdry\/Bia\u0142obrzeg\/L\u0105d\/L\u0105dek<\/p>\n\n\n\n<p><strong>Wa\u017cne informacje: <\/strong>Trasa nie jest w p\u0119tli.<\/p>\n\n\n\n<p>!Pami\u0119tajcie, aby godziny otwarcia i ceny bilet\u00f3w sprawdzi\u0107 samodzielnie, przed wizyt\u0105 w obiekcie, mog\u0105 one ulec zmianie. <\/p>\n","protected":false},"excerpt":{"rendered":"<p>Nadwarcia\u0144ski Park Krajobrazowy nie posiada du\u017cej ilo\u015bci wyznaczonych szlak\u00f3w pieszych, w\u0142a\u015bciwie mo\u017cemy wyr\u00f3\u017cni\u0107 dwa, gdzie jeden praktywcznie w ca\u0142o\u015bci pokrywa si\u0119 z cz\u0119\u015bci\u0105 drugiego. Czerwony szlak pieszy, bo o nim mowa, to najd\u0142u\u017cszy szlak, mo\u017cliwy do przej\u015bcia w tym parku (drugi to fragment Drogi \u015bw. Jakuba). Postanowi\u0142am sprawdzi\u0107, jak bardzo jest on atrakcyjny, jak utrzymany&#8230; <\/p>\n<div class=\"link-more\"><a href=\"https:\/\/budzikowswiat.pl\/?p=3810\">Read More<\/a><\/div>\n","protected":false},"author":1,"featured_media":3876,"comment_status":"closed","ping_status":"closed","sticky":false,"template":"","format":"standard","meta":{"ngg_post_thumbnail":0,"_jetpack_memberships_contains_paid_content":false,"footnotes":""},"categories":[100,26,33,37,28,62,34,38,57,58,96,35,36,105,4,39,6,7,72],"tags":[],"class_list":["post-3810","post","type-post","status-publish","format-standard","has-post-thumbnail","hentry","category-100","category-lato","category-nadwarcianski-park-krajobrazowy","category-obszar-natura-2000","category-odznaki-turystyczne","category-pomnik-historii","category-powiat-slupecki","category-powiat-wrzesinski","category-przyjaciel-wielkopolski","category-regionalna-odznaka-krajoznawcza","category-rzeki-wielkopolskie","category-szlak-cysterski","category-szlakiem-pomnikow-historii","category-trekking","category-tropiciel-przyrody","category-turysta-przyrodnik","category-wielkopolska","category-wycieczka-przyrodnicza","category-z-historia-w-tle"],"jetpack_featured_media_url":"https:\/\/budzikowswiat.pl\/wp-content\/uploads\/2023\/08\/IMG_4569-scaled.jpg","jetpack_sharing_enabled":true,"_links":{"self":[{"href":"https:\/\/budzikowswiat.pl\/index.php?rest_route=\/wp\/v2\/posts\/3810","targetHints":{"allow":["GET"]}}],"collection":[{"href":"https:\/\/budzikowswiat.pl\/index.php?rest_route=\/wp\/v2\/posts"}],"about":[{"href":"https:\/\/budzikowswiat.pl\/index.php?rest_route=\/wp\/v2\/types\/post"}],"author":[{"embeddable":true,"href":"https:\/\/budzikowswiat.pl\/index.php?rest_route=\/wp\/v2\/users\/1"}],"replies":[{"embeddable":true,"href":"https:\/\/budzikowswiat.pl\/index.php?rest_route=%2Fwp%2Fv2%2Fcomments&post=3810"}],"version-history":[{"count":31,"href":"https:\/\/budzikowswiat.pl\/index.php?rest_route=\/wp\/v2\/posts\/3810\/revisions"}],"predecessor-version":[{"id":4001,"href":"https:\/\/budzikowswiat.pl\/index.php?rest_route=\/wp\/v2\/posts\/3810\/revisions\/4001"}],"wp:featuredmedia":[{"embeddable":true,"href":"https:\/\/budzikowswiat.pl\/index.php?rest_route=\/wp\/v2\/media\/3876"}],"wp:attachment":[{"href":"https:\/\/budzikowswiat.pl\/index.php?rest_route=%2Fwp%2Fv2%2Fmedia&parent=3810"}],"wp:term":[{"taxonomy":"category","embeddable":true,"href":"https:\/\/budzikowswiat.pl\/index.php?rest_route=%2Fwp%2Fv2%2Fcategories&post=3810"},{"taxonomy":"post_tag","embeddable":true,"href":"https:\/\/budzikowswiat.pl\/index.php?rest_route=%2Fwp%2Fv2%2Ftags&post=3810"}],"curies":[{"name":"wp","href":"https:\/\/api.w.org\/{rel}","templated":true}]}}