{"id":4302,"date":"2024-10-18T16:40:08","date_gmt":"2024-10-18T16:40:08","guid":{"rendered":"https:\/\/budzikowswiat.pl\/?p=4302"},"modified":"2025-05-01T19:06:09","modified_gmt":"2025-05-01T19:06:09","slug":"walbrzych-na-weekend","status":"publish","type":"post","link":"https:\/\/budzikowswiat.pl\/?p=4302","title":{"rendered":"WA\u0141BRZYCH NA WEEKEND"},"content":{"rendered":"\n<p class=\"has-text-align-justify\">Czasem, aby odpocz\u0105\u0107, wystarczy zmieni\u0107 otoczenie, je\u017celi jednak mikrowyprawa to za ma\u0142o, mo\u017cna zaplanowa\u0107 weekend w g\u00f3rach. Powiem Wam szczerze, taka wyprawa ma sens. Tym razem mam dla Was gotowy plan na weekend w G\u00f3rach Wa\u0142brzyskich, w kt\u00f3rym znajdziecie, wej\u015bcie na szczyt z Korony G\u00f3r Polskich, oraz zwiedzanie dw\u00f3ch ca\u0142kiem ciekawych zabytk\u00f3w, a je\u017celi Wam ma\u0142o, mo\u017cecie wypad przed\u0142u\u017cy\u0107 o jeden dzie\u0144 i doda\u0107 jeszcze jeden szczyt, tak dla koneser\u00f3w.<\/p>\n\n\n\n<p><strong>Dzie\u0144 I<\/strong> <\/p>\n\n\n\n<p class=\"has-text-align-justify\">Dzie\u0144 zaczynamy z plecakiem na plecach na Dworcu G\u0142\u00f3wnym w Poznaniu, najlepiej wybra\u0107 poci\u0105g w okolicy godziny 6-7 rano, tak aby dotrze\u0107 na stacj\u0119 docelow\u0105, czyli \u015awiebodzice w okolicy godziny 10:00. To ju\u017c tutaj zaczynamy nasz\u0105 wycieczk\u0119 po atrakcjach okolic Wa\u0142brzycha. Przed nami przyjemny trekking po Ksi\u0105\u017ca\u0144skim Parku Krajobrazowym i Dolinie R\u00f3\u017canecznik\u00f3w, a aby atrakcja by\u0142a jeszcze bardziej przyjemna, majowa wyprawa w te okolice, dostarczy Wam dodatkowych wra\u017ce\u0144 zapachowych i wizualnych w zwi\u0105zku z kwitnieniem R\u00f3\u017canecznik\u00f3w, a tych tutaj jest naprawd\u0119 imponuj\u0105ca kolekcja. Czarny szlak ma sw\u00f3j start w\u0142a\u015bnie na stacji PKP w \u015awiebodzicach i prowadzi nas przez miasteczko do Bramy Lw\u00f3w, ju\u017c tutaj mo\u017cna zaczerpn\u0105\u0107 arystokratycznego \u015bwiata dawnego Ksi\u0105\u017ca. Ca\u0142y trekking do Zamku w Ksi\u0105\u017cu, to ok 5 km i 1-1,5 godzinny, ma\u0142o wymagaj\u0105cym le\u015bnym traktem w\u015br\u00f3d kwitn\u0105cych kwiat\u00f3w. T\u0105 drog\u0105 docieramy praktycznie pod sam\u0105 bram\u0119 Zamku. Tutaj decyzja ile czasu potrzebujecie na zwiedzenie ca\u0142ego Zamku i okolic pozostaje do wyboru. Kompleks obejmuje zwiedzanie Zamku i jego podziemi, taras\u00f3w, Mauzoleum, Palmiarni\u0119, posiada tak\u017ce sw\u00f3j Punkt Widokowy, czy Stajnie gdzie mo\u017cna poobserwowa\u0107 s\u0142ynne Stado Ogier\u00f3w w Ksi\u0105\u017cu. Im wi\u0119cej zdecydujecie si\u0119 zobaczy\u0107, tym wi\u0119cej czasu nale\u017cy na to po\u015bwi\u0119ci\u0107. Pami\u0119tajcie jednak, \u017ce Ksi\u0105\u017c to 3 najwi\u0119kszy Zamek w Polsce, wi\u0119c je\u017celi lubicie histori\u0119, mo\u017cecie sp\u0119dzi\u0107 tutaj nawet ca\u0142y dzie\u0144. <\/p>\n\n\n\nngg_shortcode_0_placeholder\n\n\n\n<p class=\"has-text-align-justify\">Z Ksi\u0105\u017ca do Wa\u0142brzycha mo\u017cna przedosta\u0107 si\u0119 za pomoc\u0105 komunikacji miejskiej, jeden autobus rusza spod Stajni [np. linia nr 8], je\u017celi jednak zdecydujecie si\u0119 na spacer do Palmiarni, tam macie ju\u017c wi\u0119kszy wyb\u00f3r transportowy [np. linia nr 12]. Bilety autobusowe s\u0105 dost\u0119pne u kierowcy, ale nale\u017cy mie\u0107 przy sobie got\u00f3wk\u0119. Wa\u0142brzych jest bardzo d\u0142ugim miastem i rozleg\u0142ym, podr\u00f3\u017c autobusem zatem mo\u017ce wydawa\u0107 si\u0119 d\u0142uga. Wg mojej opinii na nocleg najlepiej nada si\u0119 okolica Dworca Centrum lub Dworca G\u0142\u00f3wnego, gdy\u017c to pozwoli na realizacj\u0119 ca\u0142ego planu tej wycieczki. St\u0105d te\u017c blisko do Rynku czy okolicznych atrakcji. Na koniec dnia mo\u017cecie skorzysta\u0107 z atrakcji jakie daje miasto, je\u017celi oczywi\u015bcie si\u0142 Wam starczy. Jednak je\u015bli chodzi o kulinarny \u015bwiat, to ze \u015bwiec\u0105 szuka\u0107 wieczorem otwartej dobrej restauracji, ale dla wytrwa\u0142ych g\u0142odomor\u00f3w na pewno co\u015b si\u0119 znajdzie. Tak ko\u0144czymy pierwszy dzie\u0144 w okolicy. Czas si\u0119 wyspa\u0107 i zebra\u0107 si\u0142y na dzie\u0144 II.<\/p>\n\n\n\n<p><strong>Podsumowanie: <\/strong><\/p>\n\n\n\n<p class=\"has-text-align-justify\">Przejazd Pozna\u0144 G\u0142\u00f3wny -&gt; \u015awiebodzice -&gt; Czarny szlak przez Ksi\u0105\u017ca\u0144ski Park Krajobrazowy i Dolin\u0119 R\u00f3\u017canecznik\u00f3w -&gt; Zwiedzanie Zamku w Ksi\u0105\u017cu i okolic -&gt; Przejazd do Wa\u0142brzycha [komunikacja miejsca]  -&gt; Nocleg<\/p>\n\n\n\n<p><strong>Dzie\u0144 II<\/strong><\/p>\n\n\n\n<p class=\"has-text-align-justify\">Na dzie\u0144 drugi zaplanowa\u0142am trekking na szczyt znajduj\u0105cy si\u0119 w spisie szczyt\u00f3w Korony G\u00f3r Polski czyli w tym wypadku Che\u0142miec &#8211; cho\u0107 najwy\u017csza w tym pasmie g\u00f3rskim jest akurat Borowa. <\/p>\n\n\n\n<p class=\"has-text-align-justify\">Start trasy zaczyna si\u0119 w Bogusz\u00f3w-Gorce, dok\u0105d z Wa\u0142brzycha mo\u017cna dojecha\u0107 poci\u0105giem. !Przy planowaniu podr\u00f3\u017cy zwr\u00f3\u0107cie uwag\u0119 na stacje, Bogusz\u00f3w-Gorce ma tak\u017ce stacje wsch\u00f3d i zach\u00f3d, wsiadaj\u0105c do niew\u0142a\u015bciwego poci\u0105gu mo\u017cecie doda\u0107 sobie troch\u0119 kilometr\u00f3w w nogach.<\/p>\n\n\n\n<p class=\"has-text-align-justify\">Szlak zielony prowadzi szerokim lekko wznosz\u0105cym si\u0119 traktem, nie ma trudno\u015bci wspinaczkowych, ani terenowych. Dzieci poradz\u0105 sobie ze szlakiem na pewno, wystarczy dla nich zaplanowa\u0107 odpowiedni czas na odpoczynki. Szlak \u017c\u00f3\u0142ty jest bardziej stromy i zniszczony, wymaga wi\u0119cej wysi\u0142ku fizycznego, nam lepiej schodzi\u0142o si\u0119 z tej strony, ni\u017cby wchodzi\u0142o. Ale decyzja zale\u017cy od predyspozycji podr\u00f3\u017cnika. <\/p>\n\n\n\n<p>Przebieg trasy:<\/p>\n\n\n\n<p>D\u0142ugo\u015b\u0107: 10 km, Czas przej\u015bcia (bez odpoczynk\u00f3w): ok 3h<\/p>\n\n\n\n<p class=\"has-text-align-justify\">Bogusz\u00f3w-Gorce -&gt; zielony szlak -&gt; Ma\u0142y Che\u0142miec -&gt; Che\u0142miec 851 m n.p.m. -&gt; \u017c\u00f3\u0142ty szlak -&gt; Stara Kopalnia, Wa\u0142brzych<\/p>\n\n\n<div class=\"wp-block-image is-style-rounded\">\n<figure class=\"aligncenter size-large is-resized\"><a href=\"https:\/\/mapa-turystyczna.pl\/route\/3b8pp\" target=\"_blank\" rel=\"noreferrer noopener\"><img loading=\"lazy\" decoding=\"async\" width=\"1024\" height=\"537\" src=\"https:\/\/budzikowswiat.pl\/wp-content\/uploads\/2024\/08\/Chelmiec-1024x537.png\" alt=\"\" class=\"wp-image-4352\" style=\"object-fit:cover;width:600px;height:400px\" srcset=\"https:\/\/budzikowswiat.pl\/wp-content\/uploads\/2024\/08\/Chelmiec-1024x537.png 1024w, https:\/\/budzikowswiat.pl\/wp-content\/uploads\/2024\/08\/Chelmiec-300x157.png 300w, https:\/\/budzikowswiat.pl\/wp-content\/uploads\/2024\/08\/Chelmiec-768x403.png 768w, https:\/\/budzikowswiat.pl\/wp-content\/uploads\/2024\/08\/Chelmiec-572x300.png 572w, https:\/\/budzikowswiat.pl\/wp-content\/uploads\/2024\/08\/Chelmiec.png 1297w\" sizes=\"auto, (max-width: 1024px) 100vw, 1024px\" \/><\/a><\/figure>\n<\/div>\n\n\n<p><\/p>\n\n\n\n<p class=\"has-text-align-justify\">Na szczycie znale\u017a\u0107 mo\u017cna wie\u017c\u0119 widokow\u0105, gdzie w\u015br\u00f3d maszt\u00f3w telekomunikacyjnych, mo\u017cna obejrze\u0107 panoram\u0119 okolicy. Wej\u015bcie na wie\u017c\u0119 jest darmowe, ale jest dost\u0119pna tylko w weekendy Pt-Nd, w godzinach 10-18 (!warto zweryfikowa\u0107 dost\u0119pno\u015b\u0107 przed podr\u00f3\u017c\u0105).<\/p>\n\n\n\n<p class=\"has-text-align-justify\">Zej\u015bcie szlakiem \u017c\u00f3\u0142tym poprowadzi nas prosto pod bram\u0119 Starej Kopalni, gdzie mo\u017cna na chwil\u0119 zapa\u015b\u0107 si\u0119 pod ziemi\u0119 (w przeno\u015bni). Tutaj histori\u0119 opowiada g\u00f3rnik z krwi i ko\u015bci, zanurzaj\u0105c si\u0119 w szczeg\u00f3\u0142y swojej dawnej pracy. Miejsce ciekawe ze wzgl\u0119du na: klimat, kt\u00f3ry tam panuje; przewodnik\u00f3w, kt\u00f3rzy potrafi\u0105 zainteresowa\u0107; ciekaw\u0105 ofert\u0105 kulturaln\u0105 i pyszne kr\u00f3wki. Dla mnie osobi\u015bcie jedno z ciekawszych miejsc okolicy.<\/p>\n\n\n\n<p class=\"has-text-align-justify\"> Tutaj te\u017c ko\u0144czy si\u0119 szlak dnia drugiego. Po ciekawej g\u00f3rskiej w\u0119dr\u00f3wce zako\u0144czonej zwiedzaniem obiektu, mo\u017cna wsi\u0105\u015b\u0107 w poci\u0105g, kt\u00f3rego stacja znajduje si\u0119 niedaleko i wr\u00f3ci\u0107 do domu, albo przed\u0142u\u017cy\u0107 wyjazd o kolejny dzie\u0144, wg indywidualnych preferencji.  <\/p>\n\n\n\nngg_shortcode_1_placeholder\n\n\n\n<p>G\u00f3ry Wa\u0142brzyskie cho\u0107 nie nale\u017c\u0105 do najwy\u017cszych, do weekendowych wypad\u00f3w wg mnie nadaj\u0105 si\u0119 bardzo, zw\u0142aszcza dla ma\u0142ych n\u00f3\u017cek, kt\u00f3re jeszcze potrzebuj\u0105 czasu, do nabrania si\u0142 na wi\u0119ksze w\u0119dr\u00f3wki. Znajduj\u0105 si\u0119, tak\u017ce niedaleko innych niskich pasm g\u00f3r sudeckich, co daje mo\u017cliwo\u015bci planu d\u0142u\u017cszego wyjazdu.<\/p>\n\n\n\n<p>Przyjemno\u015bci. <\/p>\n\n\n\n<p><strong>Ciekawe na trasie: <\/strong><\/p>\n\n\n\n<ul class=\"wp-block-list\">\n<li>Ksi\u0105\u017ca\u0144ski Park Krajobrazowy [park krajobrazowy]<\/li>\n\n\n\n<li>Dolin\u0119 R\u00f3\u017canecznik\u00f3w <\/li>\n\n\n\n<li>Zamek Ksi\u0105\u017c [zabytek]<\/li>\n\n\n\n<li>Che\u0142miec &#8211; Szczyt Korony G\u00f3r Polskich [Korona G\u00f3r Polskich] <\/li>\n\n\n\n<li>Wie\u017ca widokowa <\/li>\n\n\n\n<li>Stara Kopalnia [zabytek]<\/li>\n<\/ul>\n\n\n\n<p><strong>Dost\u0119pne w pobli\u017cu: <\/strong><\/p>\n\n\n\n<ul class=\"wp-block-list\">\n<li>G\u00f3ry Wa\u0142brzyskie<\/li>\n\n\n\n<li>G\u00f3ry Kamienne<\/li>\n\n\n\n<li>G\u00f3ry Sowie<\/li>\n\n\n\n<li>Masyw \u015al\u0119\u017cy<\/li>\n<\/ul>\n\n\n\n<p><strong>Dane wycieczki\/ lokalizacja:<\/strong><\/p>\n\n\n\n<p><strong>Wojew\u00f3dztwo: <\/strong>dolno\u015bl\u0105skie<\/p>\n\n\n\n<p><strong>Powiat: <\/strong>wa\u0142brzyski<\/p>\n\n\n\n<p><strong>Gmina:<\/strong> Wa\u0142brzych<\/p>\n\n\n\n<p><strong>Miejscowo\u015b\u0107:<\/strong> Wa\u0142brzych<\/p>\n\n\n\n<p><strong>Wa\u017cne informacje: <\/strong><\/p>\n\n\n\n<p>!Pami\u0119tajcie, aby godziny otwarcia i ceny bilet\u00f3w sprawdzi\u0107 samodzielnie, przed wizyt\u0105 w obiekcie, mog\u0105 one ulec zmianie.<\/p>\n","protected":false},"excerpt":{"rendered":"<p>Czasem, aby odpocz\u0105\u0107, wystarczy zmieni\u0107 otoczenie, je\u017celi jednak mikrowyprawa to za ma\u0142o, mo\u017cna zaplanowa\u0107 weekend w g\u00f3rach. Powiem Wam szczerze, taka wyprawa ma sens. Tym razem mam dla Was gotowy plan na weekend w G\u00f3rach Wa\u0142brzyskich, w kt\u00f3rym znajdziecie, wej\u015bcie na szczyt z Korony G\u00f3r Polskich, oraz zwiedzanie dw\u00f3ch ca\u0142kiem ciekawych zabytk\u00f3w, a je\u017celi Wam&#8230; <\/p>\n<div class=\"link-more\"><a href=\"https:\/\/budzikowswiat.pl\/?p=4302\">Read More<\/a><\/div>\n","protected":false},"author":1,"featured_media":4304,"comment_status":"closed","ping_status":"closed","sticky":false,"template":"","format":"standard","meta":{"ngg_post_thumbnail":0,"_jetpack_memberships_contains_paid_content":false,"footnotes":""},"categories":[108,40,83,28,55,110,105,39,87,109,7,72,74],"tags":[],"class_list":["post-4302","post","type-post","status-publish","format-standard","has-post-thumbnail","hentry","category-108","category-city-break","category-odznaka-krajoznawcza-polski","category-odznaki-turystyczne","category-park-podworski","category-pociagiem-w-swiat","category-trekking","category-turysta-przyrodnik","category-wiosna","category-wojewodztwo-dolnoslaskie","category-wycieczka-przyrodnicza","category-z-historia-w-tle","category-zamki"],"jetpack_featured_media_url":"https:\/\/budzikowswiat.pl\/wp-content\/uploads\/2024\/05\/IMG_0408-scaled.jpg","jetpack_sharing_enabled":true,"_links":{"self":[{"href":"https:\/\/budzikowswiat.pl\/index.php?rest_route=\/wp\/v2\/posts\/4302","targetHints":{"allow":["GET"]}}],"collection":[{"href":"https:\/\/budzikowswiat.pl\/index.php?rest_route=\/wp\/v2\/posts"}],"about":[{"href":"https:\/\/budzikowswiat.pl\/index.php?rest_route=\/wp\/v2\/types\/post"}],"author":[{"embeddable":true,"href":"https:\/\/budzikowswiat.pl\/index.php?rest_route=\/wp\/v2\/users\/1"}],"replies":[{"embeddable":true,"href":"https:\/\/budzikowswiat.pl\/index.php?rest_route=%2Fwp%2Fv2%2Fcomments&post=4302"}],"version-history":[{"count":30,"href":"https:\/\/budzikowswiat.pl\/index.php?rest_route=\/wp\/v2\/posts\/4302\/revisions"}],"predecessor-version":[{"id":4480,"href":"https:\/\/budzikowswiat.pl\/index.php?rest_route=\/wp\/v2\/posts\/4302\/revisions\/4480"}],"wp:featuredmedia":[{"embeddable":true,"href":"https:\/\/budzikowswiat.pl\/index.php?rest_route=\/wp\/v2\/media\/4304"}],"wp:attachment":[{"href":"https:\/\/budzikowswiat.pl\/index.php?rest_route=%2Fwp%2Fv2%2Fmedia&parent=4302"}],"wp:term":[{"taxonomy":"category","embeddable":true,"href":"https:\/\/budzikowswiat.pl\/index.php?rest_route=%2Fwp%2Fv2%2Fcategories&post=4302"},{"taxonomy":"post_tag","embeddable":true,"href":"https:\/\/budzikowswiat.pl\/index.php?rest_route=%2Fwp%2Fv2%2Ftags&post=4302"}],"curies":[{"name":"wp","href":"https:\/\/api.w.org\/{rel}","templated":true}]}}