{"id":602,"date":"2020-10-16T16:54:08","date_gmt":"2020-10-16T16:54:08","guid":{"rendered":"https:\/\/swiatbudzikow.wordpress.com\/?p=602"},"modified":"2021-01-23T21:58:48","modified_gmt":"2021-01-23T21:58:48","slug":"meteoryt-morasko","status":"publish","type":"post","link":"https:\/\/budzikowswiat.pl\/?p=602","title":{"rendered":"METEORYT MORASKO"},"content":{"rendered":"\n<p class=\"has-text-align-left\">W\u015br\u00f3d wielu  miejsc, kt\u00f3re odwiedzamy, du\u017co jest takich, kt\u00f3re odwiedzamy pierwszy raz. To jednak wspominamy bardzo mi\u0142o, bo by\u0142o cz\u0119\u015bci\u0105 naszej m\u0142odo\u015bci. Odwiedzili\u015bmy Rezerwat &#8222;Meteoryt Morasko&#8221;, kt\u00f3ry znajduje si\u0119 na granicy p\u00f3\u0142nocnej cz\u0119\u015bci Poznania. Trasa \u015bcie\u017cki dydaktycznej, ko\u0144czy\u0142a nasze zmagania z odznak\u0105 &#8222;Tropiciel Przyrody&#8221;. Na trasie spotykali\u015bmy raczej mi\u0142o\u015bnik\u00f3w jazdy rowerowej, w sumie miejsce idealne na tak\u0105 aktywno\u015b\u0107. Jednak mi\u0142\u0105 odmian\u0105 by\u0142 spacer o w\u0142asnych nogach po terenach le\u015bnych. Na trasie spotkali\u015bmy nie tylko nietypowe grzyby koralowe, ale te\u017c \u017cuczka gnojowniczka, kt\u00f3ry wzbudzi\u0142 zainteresowanie, cho\u0107 kulki ze sob\u0105 nie mia\u0142. \u015acie\u017cka okaza\u0142a si\u0119 by\u0107 bardzo przyjemna, drog\u0119 wyznacza\u0142y tablice informacyjne, kt\u00f3re opowiada\u0142y histori\u0119 odnalezienia pierwszego meteorytu w 1914 roku oraz kolejnych, kt\u00f3re s\u0105 ca\u0142y czas wyszukiwane na tym terenie, ale tak\u017ce inne zwi\u0105zane z t\u0105 tematyk\u0105. Jak wida\u0107 na zdj\u0119ciach dla dzieci te\u017c jest to ciekawe, trzeba tylko umie\u0107 zainteresowa\u0107 tematem. Tym razem tata pe\u0142ni\u0142 rol\u0119 przewodnika, zw\u0142aszcza jak opowiada\u0142 historie ze swoich rowerowych wybryk\u00f3w na tym terenie. Takie opowiastki chwytaj\u0105 za serce \ud83d\ude42<\/p>\n\n\n\n<p>Zatem je\u017celi macie wolne popo\u0142udnie, lubicie kosmos i spacery po lesie, to miejsce b\u0119dzie dla Was idealne. Rezerwat mo\u017cecie, tak\u017ce wpisa\u0107 w niejedn\u0105 ksi\u0105\u017ceczk\u0119 turystyki kwalifikowanej, zw\u0142aszcza tej dotycz\u0105cej przyrody czy terenu wielkopolski, np.: <a rel=\"noreferrer noopener\" href=\"http:\/\/kop.pttk.pl\/turysta-przyrodnik\/regulamin\/66-tp-nowelizacja\" target=\"_blank\">Turysta Przyrodnik i Tropiciel Przyrody<\/a>, <a rel=\"noreferrer noopener\" href=\"http:\/\/www.msw-pttk.org.pl\/odznaki\/reg_odznak\/reg_wotkpw.html\" target=\"_blank\">Przyjaciel Wielkopolski<\/a>. <\/p>\n\n\n\nngg_shortcode_0_placeholder\n\n\n\n<p>Wojew\u00f3dztwo: wielkopolskie<\/p>\n\n\n\n<p>Powiat: pozna\u0144ski<\/p>\n\n\n\n<p>Gmina: Pozna\u0144<\/p>\n\n\n\n<p>Miejscowo\u015b\u0107: Pozna\u0144<\/p>\n\n\n\n<p>Liczba km: ok 4 km<\/p>\n","protected":false},"excerpt":{"rendered":"<p>W\u015br\u00f3d wielu miejsc, kt\u00f3re odwiedzamy, du\u017co jest takich, kt\u00f3re odwiedzamy pierwszy raz. To jednak wspominamy bardzo mi\u0142o, bo by\u0142o cz\u0119\u015bci\u0105 naszej m\u0142odo\u015bci. Odwiedzili\u015bmy Rezerwat &#8222;Meteoryt Morasko&#8221;, kt\u00f3ry znajduje si\u0119 na granicy p\u00f3\u0142nocnej cz\u0119\u015bci Poznania. Trasa \u015bcie\u017cki dydaktycznej, ko\u0144czy\u0142a nasze zmagania z odznak\u0105 &#8222;Tropiciel Przyrody&#8221;. Na trasie spotykali\u015bmy raczej mi\u0142o\u015bnik\u00f3w jazdy rowerowej, w sumie miejsce idealne&#8230; <\/p>\n<div class=\"link-more\"><a href=\"https:\/\/budzikowswiat.pl\/?p=602\">Read More<\/a><\/div>\n","protected":false},"author":1,"featured_media":727,"comment_status":"open","ping_status":"closed","sticky":false,"template":"","format":"standard","meta":{"ngg_post_thumbnail":0,"_jetpack_memberships_contains_paid_content":false,"footnotes":""},"categories":[25,2,26,28,3,46,57,58,63,4,39,6,7],"tags":[64],"class_list":["post-602","post","type-post","status-publish","format-standard","has-post-thumbnail","hentry","category-25","category-dla-dzieci","category-lato","category-odznaki-turystyczne","category-powiat-poznanski","category-poznan","category-przyjaciel-wielkopolski","category-regionalna-odznaka-krajoznawcza","category-rezerwat-przyrody","category-tropiciel-przyrody","category-turysta-przyrodnik","category-wielkopolska","category-wycieczka-przyrodnicza","tag-morasko"],"jetpack_featured_media_url":"https:\/\/budzikowswiat.pl\/wp-content\/uploads\/2020\/09\/20200906_122756-scaled.jpg","jetpack_sharing_enabled":true,"_links":{"self":[{"href":"https:\/\/budzikowswiat.pl\/index.php?rest_route=\/wp\/v2\/posts\/602","targetHints":{"allow":["GET"]}}],"collection":[{"href":"https:\/\/budzikowswiat.pl\/index.php?rest_route=\/wp\/v2\/posts"}],"about":[{"href":"https:\/\/budzikowswiat.pl\/index.php?rest_route=\/wp\/v2\/types\/post"}],"author":[{"embeddable":true,"href":"https:\/\/budzikowswiat.pl\/index.php?rest_route=\/wp\/v2\/users\/1"}],"replies":[{"embeddable":true,"href":"https:\/\/budzikowswiat.pl\/index.php?rest_route=%2Fwp%2Fv2%2Fcomments&post=602"}],"version-history":[{"count":10,"href":"https:\/\/budzikowswiat.pl\/index.php?rest_route=\/wp\/v2\/posts\/602\/revisions"}],"predecessor-version":[{"id":1020,"href":"https:\/\/budzikowswiat.pl\/index.php?rest_route=\/wp\/v2\/posts\/602\/revisions\/1020"}],"wp:featuredmedia":[{"embeddable":true,"href":"https:\/\/budzikowswiat.pl\/index.php?rest_route=\/wp\/v2\/media\/727"}],"wp:attachment":[{"href":"https:\/\/budzikowswiat.pl\/index.php?rest_route=%2Fwp%2Fv2%2Fmedia&parent=602"}],"wp:term":[{"taxonomy":"category","embeddable":true,"href":"https:\/\/budzikowswiat.pl\/index.php?rest_route=%2Fwp%2Fv2%2Fcategories&post=602"},{"taxonomy":"post_tag","embeddable":true,"href":"https:\/\/budzikowswiat.pl\/index.php?rest_route=%2Fwp%2Fv2%2Ftags&post=602"}],"curies":[{"name":"wp","href":"https:\/\/api.w.org\/{rel}","templated":true}]}}